{"id":122444,"date":"2024-07-27T12:37:19","date_gmt":"2024-07-27T15:37:19","guid":{"rendered":"https:\/\/onordeste.com.br\/?p=122444"},"modified":"2024-07-27T12:37:19","modified_gmt":"2024-07-27T15:37:19","slug":"brasil-registra-primeiras-mortes-por-febre-oropouche-no-mundo","status":"publish","type":"post","link":"https:\/\/iparaiba.com.br\/index.php\/2024\/07\/27\/brasil-registra-primeiras-mortes-por-febre-oropouche-no-mundo\/","title":{"rendered":"Brasil registra primeiras mortes por febre oropouche no mundo"},"content":{"rendered":"<p>O Minist\u00e9rio da Sa\u00fade confirmou nesta quinta-feira (25) duas mortes por febre oropouche no pa\u00eds. At\u00e9 o momento, n\u00e3o havia relato na literatura cient\u00edfica mundial sobre a ocorr\u00eancia de \u00f3bito pela doen\u00e7a, informou a pasta, em nota.<\/p>\n<p>As mortes s\u00e3o de mulheres que viviam no interior da Bahia. Elas tinham menos de 30 anos de idade, sem comorbidades, e apresentaram sinais e sintomas semelhantes ao de dengue grave.<\/p>\n<p><strong>Casos sob investiga\u00e7\u00e3o<\/strong><br \/>\nO minist\u00e9rio investiga uma morte em Santa Catarina e se quatro casos de interrup\u00e7\u00e3o de gesta\u00e7\u00e3o e dois de microcefalia em beb\u00eas t\u00eam rela\u00e7\u00e3o com a doen\u00e7a (Pernambuco, Bahia e Acre). Foi descartado rela\u00e7\u00e3o da febre com uma morte no Maranh\u00e3o.<\/p>\n<p>No \u00faltimo dia 11, o Minist\u00e9rio da Sa\u00fade emitiu uma nota t\u00e9cnica a todos os estados e munic\u00edpios recomendando o refor\u00e7o da vigil\u00e2ncia em sa\u00fade sobre a possibilidade de transmiss\u00e3o vertical do v\u00edrus. Com a nota t\u00e9cnica, o minist\u00e9rio pretende tamb\u00e9m orientar a sociedade sobre a arbovirose.<\/p>\n<p>A medida foi adotada ap\u00f3s o Instituto Evandro Chagas detectar a presen\u00e7a do genoma do v\u00edrus em um caso de morte fetal, e de anticorpos em amostras de quatro rec\u00e9m-nascidos com microcefalia.<\/p>\n<p>No entanto, o minist\u00e9rio destacou que n\u00e3o h\u00e1 evid\u00eancias cient\u00edficas consistentes sobre a transmiss\u00e3o do v\u00edrus Orov da m\u00e3e infectada para o beb\u00ea durante a gesta\u00e7\u00e3o e nem sobre o efeito da infec\u00e7\u00e3o sobre malforma\u00e7\u00e3o de beb\u00eas ou aborto.<\/p>\n<p>Este ano, j\u00e1 foram registrados 7.236 casos de febre do oropouche, em 20 estados. A maior parte foi identificado no Amazonas e em Rond\u00f4nia. Desde 2023, foi ampliada a detec\u00e7\u00e3o de casos da doen\u00e7a no Brasil, por meio de testes de diagn\u00f3stico na rede p\u00fablica em todas as regi\u00f5es.<\/p>\n<p><strong>Febre Oropouche<\/strong><br \/>\nA febre Oropouche \u00e9 uma doen\u00e7a viral. O v\u00edrus Orov \u00e9 transmitido, principalmente, por meio da picada de um mosquito conhecido como maruim (Culicoides paraensis), bem como por esp\u00e9cies do mosquito Culex. No Brasil, o v\u00edrus foi isolado pela primeira vez em 1960.<\/p>\n<p>O minist\u00e9rio explicou que a febre oropouche pode ser confundida com a dengue. A doen\u00e7a evolui com febre de in\u00edcio s\u00fabito, cefaleia (dor de cabe\u00e7a), mialgia (dor muscular) e artralgia (dor articular). Outros sintomas como tontura, dor retro-ocular, calafrios, fotofobia, n\u00e1useas e v\u00f4mitos tamb\u00e9m s\u00e3o relatados.<\/p>\n<p>Os sintomas duram cerca de dois a sete dias. Mas, at\u00e9 60% dos pacientes podem apresentar recorr\u00eancia dos sintomas, ap\u00f3s uma a duas semanas a partir das manifesta\u00e7\u00f5es iniciais. A maioria das pessoas tem evolu\u00e7\u00e3o benigna e sem sequelas, mesmo nos casos mais graves.<\/p>\n<p>At\u00e9 o momento, n\u00e3o h\u00e1 tratamento espec\u00edfico para a febre oropouche. A terapia atual apenas alivia os sintomas.<\/p>\n<p>Ag\u00eancia Brasil<\/p>\n","protected":false},"excerpt":{"rendered":"<p>O Minist\u00e9rio da Sa\u00fade confirmou nesta quinta-feira (25) duas mortes por febre oropouche no pa\u00eds. At\u00e9 o momento, n\u00e3o havia relato na literatura cient\u00edfica mundial sobre a ocorr\u00eancia de \u00f3bito pela doen\u00e7a, informou a pasta, em nota. As mortes s\u00e3o de mulheres que viviam no interior da Bahia. Elas tinham menos de 30 anos de &hellip;<\/p>\n","protected":false},"author":1,"featured_media":116512,"comment_status":"open","ping_status":"open","sticky":false,"template":"","format":"standard","meta":{"footnotes":""},"categories":[10],"tags":[],"class_list":["post-122444","post","type-post","status-publish","format-standard","has-post-thumbnail","hentry","category-manchetes"],"_links":{"self":[{"href":"https:\/\/iparaiba.com.br\/index.php\/wp-json\/wp\/v2\/posts\/122444","targetHints":{"allow":["GET"]}}],"collection":[{"href":"https:\/\/iparaiba.com.br\/index.php\/wp-json\/wp\/v2\/posts"}],"about":[{"href":"https:\/\/iparaiba.com.br\/index.php\/wp-json\/wp\/v2\/types\/post"}],"author":[{"embeddable":true,"href":"https:\/\/iparaiba.com.br\/index.php\/wp-json\/wp\/v2\/users\/1"}],"replies":[{"embeddable":true,"href":"https:\/\/iparaiba.com.br\/index.php\/wp-json\/wp\/v2\/comments?post=122444"}],"version-history":[{"count":1,"href":"https:\/\/iparaiba.com.br\/index.php\/wp-json\/wp\/v2\/posts\/122444\/revisions"}],"predecessor-version":[{"id":122501,"href":"https:\/\/iparaiba.com.br\/index.php\/wp-json\/wp\/v2\/posts\/122444\/revisions\/122501"}],"wp:featuredmedia":[{"embeddable":true,"href":"https:\/\/iparaiba.com.br\/index.php\/wp-json\/wp\/v2\/media\/116512"}],"wp:attachment":[{"href":"https:\/\/iparaiba.com.br\/index.php\/wp-json\/wp\/v2\/media?parent=122444"}],"wp:term":[{"taxonomy":"category","embeddable":true,"href":"https:\/\/iparaiba.com.br\/index.php\/wp-json\/wp\/v2\/categories?post=122444"},{"taxonomy":"post_tag","embeddable":true,"href":"https:\/\/iparaiba.com.br\/index.php\/wp-json\/wp\/v2\/tags?post=122444"}],"curies":[{"name":"wp","href":"https:\/\/api.w.org\/{rel}","templated":true}]}}