{"id":122440,"date":"2024-07-23T12:35:39","date_gmt":"2024-07-23T15:35:39","guid":{"rendered":"https:\/\/onordeste.com.br\/?p=122398"},"modified":"2024-07-23T12:35:39","modified_gmt":"2024-07-23T15:35:39","slug":"apos-ser-apreendido-nove-vezes-acusado-de-trafico-e-preso-novamente-com-drogas","status":"publish","type":"post","link":"https:\/\/iparaiba.com.br\/index.php\/2024\/07\/23\/apos-ser-apreendido-nove-vezes-acusado-de-trafico-e-preso-novamente-com-drogas\/","title":{"rendered":"Ap\u00f3s ser apreendido nove vezes, acusado de tr\u00e1fico \u00e9 preso novamente com drogas"},"content":{"rendered":"<p>Um homem acusado de tr\u00e1fico de drogas, que j\u00e1 havia sido apreendido nove vezes quando era menor de idade, foi novamente preso pela Pol\u00edcia Militar na manh\u00e3 deste domingo (21). A a\u00e7\u00e3o aconteceu no bairro de Jos\u00e9 Pinheiro, em Campina Grande.<\/p>\n<p>De acordo com o 2\u00ba Esquadr\u00e3o do Regimento de Opera\u00e7\u00f5es T\u00e1ticas com Apoio de Motocicletas (Rotam), o acusado foi flagrado tentando se desfazer de drogas, ao perceber a chegada da PM na regi\u00e3o. Durante a abordagem ao acusado e na localidade onde o suspeito estava, os policiais do motopatrulhamento t\u00e1tico encontraram v\u00e1rias por\u00e7\u00f5es de drogas, embalagens, e dinheiro (foto abaixo).<\/p>\n<p>Ainda de acordo com o 2\u00ba Esquadr\u00e3o, o acusado tem 18 anos de idade, j\u00e1 havia sido preso por tr\u00e1fico e, quando era menor de idade, havia sido apreendido nove vezes por atos infracionais an\u00e1logos ao crime de tr\u00e1fico de drogas e posse ilegal de arma de fogo.<\/p>\n<p>A ocorr\u00eancia foi encaminhada a Central de Pol\u00edcia para a devida autua\u00e7\u00e3o.<\/p>\n","protected":false},"excerpt":{"rendered":"<p>Um homem acusado de tr\u00e1fico de drogas, que j\u00e1 havia sido apreendido nove vezes quando era menor de idade, foi novamente preso pela Pol\u00edcia Militar na manh\u00e3 deste domingo (21). A a\u00e7\u00e3o aconteceu no bairro de Jos\u00e9 Pinheiro, em Campina Grande. De acordo com o 2\u00ba Esquadr\u00e3o do Regimento de Opera\u00e7\u00f5es T\u00e1ticas com Apoio de &hellip;<\/p>\n","protected":false},"author":1,"featured_media":119154,"comment_status":"open","ping_status":"open","sticky":false,"template":"","format":"standard","meta":{"footnotes":""},"categories":[13],"tags":[],"class_list":["post-122440","post","type-post","status-publish","format-standard","has-post-thumbnail","hentry","category-policial"],"_links":{"self":[{"href":"https:\/\/iparaiba.com.br\/index.php\/wp-json\/wp\/v2\/posts\/122440","targetHints":{"allow":["GET"]}}],"collection":[{"href":"https:\/\/iparaiba.com.br\/index.php\/wp-json\/wp\/v2\/posts"}],"about":[{"href":"https:\/\/iparaiba.com.br\/index.php\/wp-json\/wp\/v2\/types\/post"}],"author":[{"embeddable":true,"href":"https:\/\/iparaiba.com.br\/index.php\/wp-json\/wp\/v2\/users\/1"}],"replies":[{"embeddable":true,"href":"https:\/\/iparaiba.com.br\/index.php\/wp-json\/wp\/v2\/comments?post=122440"}],"version-history":[{"count":0,"href":"https:\/\/iparaiba.com.br\/index.php\/wp-json\/wp\/v2\/posts\/122440\/revisions"}],"wp:featuredmedia":[{"embeddable":true,"href":"https:\/\/iparaiba.com.br\/index.php\/wp-json\/wp\/v2\/media\/119154"}],"wp:attachment":[{"href":"https:\/\/iparaiba.com.br\/index.php\/wp-json\/wp\/v2\/media?parent=122440"}],"wp:term":[{"taxonomy":"category","embeddable":true,"href":"https:\/\/iparaiba.com.br\/index.php\/wp-json\/wp\/v2\/categories?post=122440"},{"taxonomy":"post_tag","embeddable":true,"href":"https:\/\/iparaiba.com.br\/index.php\/wp-json\/wp\/v2\/tags?post=122440"}],"curies":[{"name":"wp","href":"https:\/\/api.w.org\/{rel}","templated":true}]}}