{"id":122438,"date":"2024-07-23T12:31:07","date_gmt":"2024-07-23T15:31:07","guid":{"rendered":"https:\/\/onordeste.com.br\/?p=122393"},"modified":"2024-07-23T12:31:07","modified_gmt":"2024-07-23T15:31:07","slug":"tce-quer-integralidade-dos-portais-de-transparencia-e-diz-que-isso-nao-conflita-com-a-legislacao-eleitoral","status":"publish","type":"post","link":"https:\/\/iparaiba.com.br\/index.php\/2024\/07\/23\/tce-quer-integralidade-dos-portais-de-transparencia-e-diz-que-isso-nao-conflita-com-a-legislacao-eleitoral\/","title":{"rendered":"TCE quer integralidade dos portais de transpar\u00eancia e diz que isso n\u00e3o conflita com a legisla\u00e7\u00e3o eleitoral"},"content":{"rendered":"<p class=\"p1\"><span class=\"s2\">Prefeitos e presidentes de C\u00e2maras de Vereadores foram alertados pelo Tribunal de Contas do Estado para a manuten\u00e7\u00e3o integral das informa\u00e7\u00f5es que devem estar contidas nos Portais de Transpar\u00eancia, como determina a Lei Federal 12.527\/11, que trata da mat\u00e9ria.<\/span><\/p>\n<p class=\"p1\"><span class=\"s2\">Circular com data do \u00faltimo dia 17 emitida pelo conselheiro Nominando Diniz adverte para o fato de que a retirada total, ou parcial, das informa\u00e7\u00f5es nesses Portais exigidas pela Lei do Acesso \u00e0 Informa\u00e7\u00e3o ter\u00e1 impacto na avalia\u00e7\u00e3o dos \u00edndices de transpar\u00eancia de cada gest\u00e3o p\u00fablica.<\/span><\/p>\n<p class=\"p1\"><span class=\"s2\">\u201cN\u00e3o h\u00e1 conflito da Lei da Transpar\u00eancia com as veda\u00e7\u00f5es de publicidade institucional no per\u00edodo dos tr\u00eas meses que antecedem o pleito eleitoral\u201d, diz o of\u00edcio aos prefeitos e dirigentes de C\u00e2maras.<\/span><\/p>\n<p class=\"p1\"><span class=\"s2\">A quest\u00e3o tem amplitude nacional, como atesta comunicado da Associa\u00e7\u00e3o dos Membros dos Tribunais de Contas do Brasil (Atricon).\u00a0 Eis um trecho: \u201c\u00c9 cedi\u00e7o que a legisla\u00e7\u00e3o eleitoral veda condutas tendentes a afetar a igualdade de oportunidades entre candidatos nos pleitos eleitorais, assim caracterizadas como promo\u00e7\u00e3o pessoal. Todavia, n\u00e3o afastam nem reduzem o dever constitucional, ou legal, da transpar\u00eancia dos atos administrativos, do direito ao acesso \u00e0 informa\u00e7\u00e3o, bem como da manuten\u00e7\u00e3o dos servi\u00e7os e canais postos \u00e0 disposi\u00e7\u00e3o dos cidad\u00e3os, por meio de plataformas digitais\u201d.<\/span><\/p>\n<p class=\"p1\"><span class=\"s2\">A equipe t\u00e9cnica do TCE j\u00e1 est\u00e1 autorizada a registrar a retirada total, ou parcial, de informa\u00e7\u00f5es que devem constar, obrigatoriamente, desses Portais para a reavalia\u00e7\u00e3o dos \u00edndices de transpar\u00eancia das gest\u00f5es municipais na Para\u00edba.<\/span><\/p>\n<p class=\"p1\"><span class=\"s2\">\u00a0<\/span><\/p>\n<p class=\"p1\"><span class=\"s2\">Ascom\/TCE-PB<\/span><\/p>\n","protected":false},"excerpt":{"rendered":"<p>Prefeitos e presidentes de C\u00e2maras de Vereadores foram alertados pelo Tribunal de Contas do Estado para a manuten\u00e7\u00e3o integral das informa\u00e7\u00f5es que devem estar contidas nos Portais de Transpar\u00eancia, como determina a Lei Federal 12.527\/11, que trata da mat\u00e9ria. Circular com data do \u00faltimo dia 17 emitida pelo conselheiro Nominando Diniz adverte para o fato &hellip;<\/p>\n","protected":false},"author":1,"featured_media":98793,"comment_status":"open","ping_status":"open","sticky":false,"template":"","format":"standard","meta":{"footnotes":""},"categories":[6],"tags":[],"class_list":["post-122438","post","type-post","status-publish","format-standard","has-post-thumbnail","hentry","category-destaques"],"_links":{"self":[{"href":"https:\/\/iparaiba.com.br\/index.php\/wp-json\/wp\/v2\/posts\/122438","targetHints":{"allow":["GET"]}}],"collection":[{"href":"https:\/\/iparaiba.com.br\/index.php\/wp-json\/wp\/v2\/posts"}],"about":[{"href":"https:\/\/iparaiba.com.br\/index.php\/wp-json\/wp\/v2\/types\/post"}],"author":[{"embeddable":true,"href":"https:\/\/iparaiba.com.br\/index.php\/wp-json\/wp\/v2\/users\/1"}],"replies":[{"embeddable":true,"href":"https:\/\/iparaiba.com.br\/index.php\/wp-json\/wp\/v2\/comments?post=122438"}],"version-history":[{"count":0,"href":"https:\/\/iparaiba.com.br\/index.php\/wp-json\/wp\/v2\/posts\/122438\/revisions"}],"wp:featuredmedia":[{"embeddable":true,"href":"https:\/\/iparaiba.com.br\/index.php\/wp-json\/wp\/v2\/media\/98793"}],"wp:attachment":[{"href":"https:\/\/iparaiba.com.br\/index.php\/wp-json\/wp\/v2\/media?parent=122438"}],"wp:term":[{"taxonomy":"category","embeddable":true,"href":"https:\/\/iparaiba.com.br\/index.php\/wp-json\/wp\/v2\/categories?post=122438"},{"taxonomy":"post_tag","embeddable":true,"href":"https:\/\/iparaiba.com.br\/index.php\/wp-json\/wp\/v2\/tags?post=122438"}],"curies":[{"name":"wp","href":"https:\/\/api.w.org\/{rel}","templated":true}]}}