{"id":122437,"date":"2024-07-23T12:29:42","date_gmt":"2024-07-23T15:29:42","guid":{"rendered":"https:\/\/onordeste.com.br\/?p=122391"},"modified":"2024-07-23T12:29:42","modified_gmt":"2024-07-23T15:29:42","slug":"camara-do-tce-determina-tomada-de-contas-para-ver-se-houve-compra-de-remedios-danosa-ao-erario","status":"publish","type":"post","link":"https:\/\/iparaiba.com.br\/index.php\/2024\/07\/23\/camara-do-tce-determina-tomada-de-contas-para-ver-se-houve-compra-de-remedios-danosa-ao-erario\/","title":{"rendered":"C\u00e2mara do TCE determina Tomada de Contas para ver se houve compra de rem\u00e9dios danosa ao Er\u00e1rio"},"content":{"rendered":"<p>A 2\u00aa C\u00e2mara do Tribunal de Contas da Para\u00edba, reunida na manh\u00e3 desta ter\u00e7a-feira (23), decidiu pela irregularidade do Preg\u00e3o Presencial 028\/18 da Secretaria de Estado da Administra\u00e7\u00e3o atinente a registro de pre\u00e7os para aquisi\u00e7\u00e3o de medicamentos excepcionais destinados \u00e0 \u00e1rea da sa\u00fade.<\/p>\n<p>Em seu voto, acompanhado \u00e0 unanimidade, o conselheiro substituto Marcus Vin\u00edcius Carvalho Farias determinou que a atual gest\u00e3o da \u00a0Pasta proceda a uma Tomada de Contas Especial com o objetivo de verificar se houve compras desses rem\u00e9dios prejudiciais ao Er\u00e1rio. Aos ex-gestores Cl\u00e1udia Luciana de Sousa Veras, Geraldo Medeiros e Jhony Wesllys Costa foi aplicada multa individual de R$ 3.000,00, em vista do descumprimento da Resolu\u00e7\u00e3o TC 00020\/24 que a eles impunha prazo para apresenta\u00e7\u00e3o de documentos.<\/p>\n<p>A m\u00e1 situa\u00e7\u00e3o financeira acarretou a reprova\u00e7\u00e3o das contas de 2021 e 2022 oriundas do Instituto Bananeirense de Previd\u00eancia, no primeiro caso j\u00e1 em fase recursal. Tiveram as contas aprovadas o Instituto de Previd\u00eancia dos Servidores de Caapor\u00e3 (exerc\u00edcio de 2018, por maioria e ao cabo de recurso), a C\u00e2mara Municipal de Bonito de Santa F\u00e9 (2023) e a Secretaria de Administra\u00e7\u00e3o do Munic\u00edpio de Jo\u00e3o Pessoa (2020).<\/p>\n<p>O \u00f3rg\u00e3o fracion\u00e1rio do TCE ainda entendeu pela regularidade formal de contratos e aditivos decorrentes de licita\u00e7\u00f5es procedidas pelo Instituto C\u00e2ndida Vargas e pelas Secretarias de Infra-estrutura e do Planejamento de Jo\u00e3o Pessoa.<\/p>\n<p>Comp\u00f5em a 2\u00aa C\u00e2mara do Tribunal de Contas da Para\u00edba os conselheiros Andr\u00e9 Carlo Torres Pontes (presidente), Arn\u00f3bio Viana e Marcus Vinicius Carvalho Farias. O quorum desta ter\u00e7a-feira foi completado com a participa\u00e7\u00e3o do conselheiro Antonio Gomes Vieira Filho quando do julgamento de tr\u00eas processos. O Minist\u00e9rio P\u00fablico de Contas esteve representado pela procuradora Isabella Barbosa Marinho Falc\u00e3o. A TV TCE-PB, Canal no YouTube, exibe os julgamentos.<\/p>\n<p>&nbsp;<\/p>\n","protected":false},"excerpt":{"rendered":"<p>A 2\u00aa C\u00e2mara do Tribunal de Contas da Para\u00edba, reunida na manh\u00e3 desta ter\u00e7a-feira (23), decidiu pela irregularidade do Preg\u00e3o Presencial 028\/18 da Secretaria de Estado da Administra\u00e7\u00e3o atinente a registro de pre\u00e7os para aquisi\u00e7\u00e3o de medicamentos excepcionais destinados \u00e0 \u00e1rea da sa\u00fade. Em seu voto, acompanhado \u00e0 unanimidade, o conselheiro substituto Marcus Vin\u00edcius Carvalho &hellip;<\/p>\n","protected":false},"author":1,"featured_media":98622,"comment_status":"open","ping_status":"open","sticky":false,"template":"","format":"standard","meta":{"footnotes":""},"categories":[7],"tags":[],"class_list":["post-122437","post","type-post","status-publish","format-standard","has-post-thumbnail","hentry","category-diversas"],"_links":{"self":[{"href":"https:\/\/iparaiba.com.br\/index.php\/wp-json\/wp\/v2\/posts\/122437","targetHints":{"allow":["GET"]}}],"collection":[{"href":"https:\/\/iparaiba.com.br\/index.php\/wp-json\/wp\/v2\/posts"}],"about":[{"href":"https:\/\/iparaiba.com.br\/index.php\/wp-json\/wp\/v2\/types\/post"}],"author":[{"embeddable":true,"href":"https:\/\/iparaiba.com.br\/index.php\/wp-json\/wp\/v2\/users\/1"}],"replies":[{"embeddable":true,"href":"https:\/\/iparaiba.com.br\/index.php\/wp-json\/wp\/v2\/comments?post=122437"}],"version-history":[{"count":0,"href":"https:\/\/iparaiba.com.br\/index.php\/wp-json\/wp\/v2\/posts\/122437\/revisions"}],"wp:featuredmedia":[{"embeddable":true,"href":"https:\/\/iparaiba.com.br\/index.php\/wp-json\/wp\/v2\/media\/98622"}],"wp:attachment":[{"href":"https:\/\/iparaiba.com.br\/index.php\/wp-json\/wp\/v2\/media?parent=122437"}],"wp:term":[{"taxonomy":"category","embeddable":true,"href":"https:\/\/iparaiba.com.br\/index.php\/wp-json\/wp\/v2\/categories?post=122437"},{"taxonomy":"post_tag","embeddable":true,"href":"https:\/\/iparaiba.com.br\/index.php\/wp-json\/wp\/v2\/tags?post=122437"}],"curies":[{"name":"wp","href":"https:\/\/api.w.org\/{rel}","templated":true}]}}