{"id":122397,"date":"2024-07-10T12:00:12","date_gmt":"2024-07-10T15:00:12","guid":{"rendered":"https:\/\/onordeste.com.br\/?p=122303"},"modified":"2024-07-10T12:00:12","modified_gmt":"2024-07-10T15:00:12","slug":"alergia-saiba-como-se-cuidar-e-os-tratamentos-oferecidos-pelo-sus","status":"publish","type":"post","link":"https:\/\/iparaiba.com.br\/index.php\/2024\/07\/10\/alergia-saiba-como-se-cuidar-e-os-tratamentos-oferecidos-pelo-sus\/","title":{"rendered":"Alergia: saiba como se cuidar e os tratamentos oferecidos pelo SUS"},"content":{"rendered":"<div class=\"texto-conteudo\">\n<p class=\"\">Na semana em que ocorreu o Dia Mundial da Alergia (8\/7), o Minist\u00e9rio da Sa\u00fade alerta para os principais sintomas e preven\u00e7\u00e3o da doen\u00e7a que altera o sistema de defesa do organismo e \u00e9 t\u00e3o conhecida dos brasileiros. Como, por exemplo, da operadora de caixa Joice Sodr\u00e9.<\/p>\n<hr \/>\n<h4><strong>\u201cEm 2018, estava cuidando dos filhos de uma prima e, de repente, meu cotovelo e meu rosto come\u00e7aram a inchar\u201d, afirma Joice, que tinha 17 anos \u00e0 \u00e9poca<\/strong><\/h4>\n<hr \/>\n<p class=\"\">Ela, rapidamente, procurou uma Unidade de Pronto Atendimento (UPA). L\u00e1, foi medicada e encaminhada para o Hospital da Crian\u00e7a, em Bras\u00edlia.<\/p>\n<p class=\"\">O diagn\u00f3stico da mo\u00e7a foi realizado por meio de exames como o utilizado para detectar a presen\u00e7a do anticorpo IgE. \u201cAssim que cheguei ao Hospital da Crian\u00e7a, fiz uma bateria de exames e testes que detectaram urtic\u00e1ria\u201d, recorda Joice.<\/p>\n<p class=\"\">A urtic\u00e1ria foi tratada por meio de antial\u00e9rgicos e o tratamento durou cerca de um m\u00eas. \u201cFui alertada pelo doutor para sempre ter um rem\u00e9dio na bolsa, caso a alergia atacasse novamente\u201d, conta ela. Seis anos depois, hoje com 23 anos e j\u00e1 recuperada, Joice recebe liga\u00e7\u00f5es frequentes do SUS para a realiza\u00e7\u00e3o de acompanhamento m\u00e9dico.<\/p>\n<hr \/>\n<h4><strong>\u201cAchei bem interessante porque depois de tantos anos eles ainda est\u00e3o me acompanhando\u201d revela Joice<\/strong><\/h4>\n<hr \/>\n<p class=\"\">As alergias ocorrem quando os anticorpos reagem sinalizando o contato de subst\u00e2ncias que s\u00e3o inofensivas, mas que o sistema imunol\u00f3gico confunde com um agente perigoso. Diante da exposi\u00e7\u00e3o ao al\u00e9rgeno (subst\u00e2ncia causadora da rea\u00e7\u00e3o), o organismo libera uma rea\u00e7\u00e3o qu\u00edmica que causa os sintomas.<\/p>\n<p class=\"\">Alguns exemplos de subst\u00e2ncias que podem causar alergia s\u00e3o \u00e1caros da poeira dom\u00e9stica, p\u00f3lens, prote\u00ednas de alguns alimentos, entre outros. Existe uma predisposi\u00e7\u00e3o gen\u00e9tica pela qual os pais al\u00e9rgicos, com frequ\u00eancia, t\u00eam filhos tamb\u00e9m al\u00e9rgicos.<\/p>\n<h4><strong>Diagn\u00f3stico<\/strong><\/h4>\n<p class=\"\">Os m\u00e9todos mais utilizados para o diagn\u00f3stico das alergias s\u00e3o testes cut\u00e2neos, o teste RAST ou de determina\u00e7\u00e3o de IgE (que detecta a presen\u00e7a do anticorpo IgE &#8211; componente que pode mapear o contexto da alergia) e os testes de provoca\u00e7\u00e3o.<\/p>\n<h4><strong>Tratamento<\/strong><\/h4>\n<p class=\"\">O tratamento pode ser iniciado na aten\u00e7\u00e3o prim\u00e1ria, por meio de uma das Unidades B\u00e1sicas de Sa\u00fade (UBSs). Ap\u00f3s a primeira avalia\u00e7\u00e3o, o paciente \u00e9 encaminhado, se necess\u00e1rio, para um especialista, como por exemplo, alergologista, pneumologista ou dermatologista.<\/p>\n<h4><strong>Preven\u00e7\u00e3o<\/strong><\/h4>\n<p class=\"\">\u00c9 importante observar as condi\u00e7\u00f5es ambientais que o rodeiam (casa, trabalho, contato com animais), assim como os fatores desencadeadores dos sintomas e os antecedentes familiares de alergia, dessa forma, ser\u00e1 mais f\u00e1cil identificar o tipo de alergia.<\/p>\n<p class=\"\">Em geral, \u00e9 importante evitar situa\u00e7\u00f5es que de forma repetida provoquem rea\u00e7\u00f5es al\u00e9rgicas. Evitar o contato com subst\u00e2ncias capazes de provocar hipersensibilidade e que podem induzir rea\u00e7\u00f5es al\u00e9rgicas \u00e9 a melhor maneira de preven\u00e7\u00e3o.<\/p>\n<h4><strong>Sinais de alerta<\/strong><\/h4>\n<p class=\"\">As alergias alimentares, geralmente, se manifestam na pele (urtic\u00e1ria, incha\u00e7o, coceira e eczema), no aparelho gastrointestinal (diarreia, dor abdominal, v\u00f4mitos) e em casos mais graves podem acometer v\u00e1rios \u00f3rg\u00e3os simultaneamente, causando incha\u00e7o na garganta, dificuldade respirat\u00f3ria, erup\u00e7\u00f5es cut\u00e2neas, queda de press\u00e3o arterial e, em casos extremos, choque anafil\u00e1tico.<\/p>\n<p class=\"\">As respirat\u00f3rias causam espirros, coriza, coceira nos olhos, falta de ar, tosse e dores de cabe\u00e7a.<\/p>\n<p class=\"\">As alergias medicamentosas variam de efeitos mais moderados, como n\u00e1usea e v\u00f4mitos, \u00e0 anafilaxia (dificuldades respirat\u00f3rias). Al\u00e9m disso, tamb\u00e9m existem alergias causadas por insetos ou pelos de animais.<\/p>\n<\/div>\n<p><a class=\"materia-original\" href=\"https:\/\/www.gov.br\/saude\/pt-br\/assuntos\/noticias\/2024\/julho\/alergia-saiba-como-se-cuidar-e-os-tratamentos-oferecidos-pelo-sus\" target=\"_blank\" rel=\"noopener\">Link: https:\/\/www.gov.br\/saude\/pt-br\/assuntos\/noticias\/2024\/julho\/alergia-saiba-como-se-cuidar-e-os-tratamentos-oferecidos-pelo-sus<\/a><\/p>\n","protected":false},"excerpt":{"rendered":"<p>Na semana em que ocorreu o Dia Mundial da Alergia (8\/7), o Minist\u00e9rio da Sa\u00fade alerta para os principais sintomas e preven\u00e7\u00e3o da doen\u00e7a que altera o sistema de defesa do organismo e \u00e9 t\u00e3o conhecida dos brasileiros. Como, por exemplo, da operadora de caixa Joice Sodr\u00e9. \u201cEm 2018, estava cuidando dos filhos de uma &hellip;<\/p>\n","protected":false},"author":1,"featured_media":106814,"comment_status":"open","ping_status":"open","sticky":false,"template":"","format":"standard","meta":{"footnotes":""},"categories":[2],"tags":[],"class_list":["post-122397","post","type-post","status-publish","format-standard","has-post-thumbnail","hentry","category-saude"],"_links":{"self":[{"href":"https:\/\/iparaiba.com.br\/index.php\/wp-json\/wp\/v2\/posts\/122397","targetHints":{"allow":["GET"]}}],"collection":[{"href":"https:\/\/iparaiba.com.br\/index.php\/wp-json\/wp\/v2\/posts"}],"about":[{"href":"https:\/\/iparaiba.com.br\/index.php\/wp-json\/wp\/v2\/types\/post"}],"author":[{"embeddable":true,"href":"https:\/\/iparaiba.com.br\/index.php\/wp-json\/wp\/v2\/users\/1"}],"replies":[{"embeddable":true,"href":"https:\/\/iparaiba.com.br\/index.php\/wp-json\/wp\/v2\/comments?post=122397"}],"version-history":[{"count":0,"href":"https:\/\/iparaiba.com.br\/index.php\/wp-json\/wp\/v2\/posts\/122397\/revisions"}],"wp:featuredmedia":[{"embeddable":true,"href":"https:\/\/iparaiba.com.br\/index.php\/wp-json\/wp\/v2\/media\/106814"}],"wp:attachment":[{"href":"https:\/\/iparaiba.com.br\/index.php\/wp-json\/wp\/v2\/media?parent=122397"}],"wp:term":[{"taxonomy":"category","embeddable":true,"href":"https:\/\/iparaiba.com.br\/index.php\/wp-json\/wp\/v2\/categories?post=122397"},{"taxonomy":"post_tag","embeddable":true,"href":"https:\/\/iparaiba.com.br\/index.php\/wp-json\/wp\/v2\/tags?post=122397"}],"curies":[{"name":"wp","href":"https:\/\/api.w.org\/{rel}","templated":true}]}}