{"id":122392,"date":"2024-07-09T17:50:57","date_gmt":"2024-07-09T20:50:57","guid":{"rendered":"https:\/\/onordeste.com.br\/?p=122293"},"modified":"2024-07-09T17:50:57","modified_gmt":"2024-07-09T20:50:57","slug":"programa-de-escolas-civico-militares-no-rs-e-questionado-no-stf","status":"publish","type":"post","link":"https:\/\/iparaiba.com.br\/index.php\/2024\/07\/09\/programa-de-escolas-civico-militares-no-rs-e-questionado-no-stf\/","title":{"rendered":"Programa de escolas c\u00edvico-militares no RS \u00e9 questionado no STF"},"content":{"rendered":"<p>O Supremo Tribunal Federal (STF) recebeu uma A\u00e7\u00e3o Direta de Inconstitucionalidade (<strong><a href=\"https:\/\/portal.stf.jus.br\/processos\/detalhe.asp?incidente=6977266\" target=\"_blank\" rel=\"noreferrer noopener\" data-type=\"link\" data-id=\"https:\/\/portal.stf.jus.br\/processos\/detalhe.asp?incidente=6977266\">ADI 7682<\/a><\/strong>) contra lei que autoriza o programa de escolas c\u00edvico-militares no Estado do Rio Grande do Sul. A mat\u00e9ria \u00e9 questionada pela Confedera\u00e7\u00e3o Nacional dos Trabalhadores em Educa\u00e7\u00e3o (CNTE) e pelo Centro dos Professores do Estado do Rio Grande do Sul. O relator \u00e9 o ministro Dias Toffoli.<\/p>\n<p>O objeto de questionamento \u00e9 a Lei estadual 16.128\/2024. Entre outros pontos, as entidades alegam que a inclus\u00e3o de policiais militares como monitores nas escolas estaduais extrapola as atribui\u00e7\u00f5es constitucionais dessa categoria. Tamb\u00e9m sustentam que a escola c\u00edvico-militar tem um modelo verticalizado de gest\u00e3o, baseado totalmente na hierarquia e na disciplina, o que enfraquece os princ\u00edpios da livre escolha de c\u00e1tedra e do livre aprendizado.<\/p>\n<p>Outro argumento \u00e9 o de que a compet\u00eancia privativa para legislar sobre diretrizes e bases da educa\u00e7\u00e3o \u00e9 da Uni\u00e3o. Nesse sentido, a Lei de Diretrizes e Base da Educa\u00e7\u00e3o Nacional (Lei federal 9.394\/1996) em momento algum autoriza ou delega compet\u00eancia para autorizar a implanta\u00e7\u00e3o desse modelo de escola, e o Plano Nacional de Educa\u00e7\u00e3o (PNE) tamb\u00e9m n\u00e3o faz nenhuma men\u00e7\u00e3o a ele.<\/p>\n<p>STF<\/p>\n","protected":false},"excerpt":{"rendered":"<p>O Supremo Tribunal Federal (STF) recebeu uma A\u00e7\u00e3o Direta de Inconstitucionalidade (ADI 7682) contra lei que autoriza o programa de escolas c\u00edvico-militares no Estado do Rio Grande do Sul. A mat\u00e9ria \u00e9 questionada pela Confedera\u00e7\u00e3o Nacional dos Trabalhadores em Educa\u00e7\u00e3o (CNTE) e pelo Centro dos Professores do Estado do Rio Grande do Sul. O relator &hellip;<\/p>\n","protected":false},"author":1,"featured_media":109211,"comment_status":"open","ping_status":"open","sticky":false,"template":"","format":"standard","meta":{"footnotes":""},"categories":[9],"tags":[],"class_list":["post-122392","post","type-post","status-publish","format-standard","has-post-thumbnail","hentry","category-justica"],"_links":{"self":[{"href":"https:\/\/iparaiba.com.br\/index.php\/wp-json\/wp\/v2\/posts\/122392","targetHints":{"allow":["GET"]}}],"collection":[{"href":"https:\/\/iparaiba.com.br\/index.php\/wp-json\/wp\/v2\/posts"}],"about":[{"href":"https:\/\/iparaiba.com.br\/index.php\/wp-json\/wp\/v2\/types\/post"}],"author":[{"embeddable":true,"href":"https:\/\/iparaiba.com.br\/index.php\/wp-json\/wp\/v2\/users\/1"}],"replies":[{"embeddable":true,"href":"https:\/\/iparaiba.com.br\/index.php\/wp-json\/wp\/v2\/comments?post=122392"}],"version-history":[{"count":0,"href":"https:\/\/iparaiba.com.br\/index.php\/wp-json\/wp\/v2\/posts\/122392\/revisions"}],"wp:featuredmedia":[{"embeddable":true,"href":"https:\/\/iparaiba.com.br\/index.php\/wp-json\/wp\/v2\/media\/109211"}],"wp:attachment":[{"href":"https:\/\/iparaiba.com.br\/index.php\/wp-json\/wp\/v2\/media?parent=122392"}],"wp:term":[{"taxonomy":"category","embeddable":true,"href":"https:\/\/iparaiba.com.br\/index.php\/wp-json\/wp\/v2\/categories?post=122392"},{"taxonomy":"post_tag","embeddable":true,"href":"https:\/\/iparaiba.com.br\/index.php\/wp-json\/wp\/v2\/tags?post=122392"}],"curies":[{"name":"wp","href":"https:\/\/api.w.org\/{rel}","templated":true}]}}