{"id":122345,"date":"2024-07-15T17:23:55","date_gmt":"2024-07-15T20:23:55","guid":{"rendered":"https:\/\/onordeste.com.br\/?p=122345"},"modified":"2024-07-15T17:23:55","modified_gmt":"2024-07-15T20:23:55","slug":"paraiba-e-pioneira-na-identificacao-civil-de-pessoas-em-privacao-de-liberdade-em-acao","status":"publish","type":"post","link":"https:\/\/iparaiba.com.br\/index.php\/2024\/07\/15\/paraiba-e-pioneira-na-identificacao-civil-de-pessoas-em-privacao-de-liberdade-em-acao\/","title":{"rendered":"Para\u00edba \u00e9 pioneira na identifica\u00e7\u00e3o civil de pessoas em priva\u00e7\u00e3o de liberdade em a\u00e7\u00e3o"},"content":{"rendered":"<p style=\"text-align: left;\" align=\"center\">A Para\u00edba \u00e9 pioneira no pa\u00eds na identifica\u00e7\u00e3o civil e emiss\u00e3o de documentos para pessoas privadas de liberdade. Em ampla mat\u00e9ria publicada nesta quinta-feira (11), o Conselho Nacional de Justi\u00e7a (CNJ) destaca o exemplo do estado, que no m\u00eas de abril atingiu, antes do prazo, 100% do cadastro da biometria de todos os reeducandos e reeducandas, um total de 11,2 mil pessoas em 60 unidades de regime fechado e oito de semiaberto, dentro da A\u00e7\u00e3o Nacional de Identifica\u00e7\u00e3o Civil e Emiss\u00e3o de Documentos para as Pessoas Privadas de Liberdade promovida pelo colegiado.<\/p>\n<p>Apenas a Para\u00edba e o Cear\u00e1 atingiram at\u00e9 agora o cadastro de identifica\u00e7\u00e3o civil de 100% de sua popula\u00e7\u00e3o prisional. S\u00e3o seguidos por S\u00e3o Paulo, que j\u00e1 cadastrou 89% das pessoas privadas de liberdade; Bahia, com 84%; e Roraima, com 81%. A Para\u00edba, junto com o Cear\u00e1, concluiu o cadastro antes do prazo. A Senappen e o DMF\/CNJ enviaram, no dia 25 de maio, um of\u00edcio para todas as secretarias estaduais respons\u00e1veis pela administra\u00e7\u00e3o de penitenci\u00e1rias, solicitando os cronogramas para o cadastro da toda a popula\u00e7\u00e3o carcer\u00e1ria. O prazo de resposta dos governos estaduais \u00e9 30 de julho.<\/p>\n<p>Sobre os resultados atingidos pela Para\u00edba na a\u00e7\u00e3o do CNJ, o secret\u00e1rio de Estado da Administra\u00e7\u00e3o Penitenci\u00e1ria, Jo\u00e3o Alves Albuquerque, destacou: \u201c\u00c9 com imensa satisfa\u00e7\u00e3o que a Secretaria do Estado da Administra\u00e7\u00e3o Penitenci\u00e1ria da Para\u00edba publiciza que aos 17 de abril do corrente ano, conclu\u00edmos a coleta do passivo em todas as unidades penitenci\u00e1rias do estado, tornando a Para\u00edba, o Primeiro Estado das Unidades Federativas<b>\u00a0<\/b>a cumprir esta nobre miss\u00e3o\u201d.<\/p>\n","protected":false},"excerpt":{"rendered":"<p>A Para\u00edba \u00e9 pioneira no pa\u00eds na identifica\u00e7\u00e3o civil e emiss\u00e3o de documentos para pessoas privadas de liberdade. Em ampla mat\u00e9ria publicada nesta quinta-feira (11), o Conselho Nacional de Justi\u00e7a (CNJ) destaca o exemplo do estado, que no m\u00eas de abril atingiu, antes do prazo, 100% do cadastro da biometria de todos os reeducandos e &hellip;<\/p>\n","protected":false},"author":1,"featured_media":97507,"comment_status":"open","ping_status":"open","sticky":false,"template":"","format":"standard","meta":{"footnotes":""},"categories":[13],"tags":[],"class_list":["post-122345","post","type-post","status-publish","format-standard","has-post-thumbnail","hentry","category-policial"],"_links":{"self":[{"href":"https:\/\/iparaiba.com.br\/index.php\/wp-json\/wp\/v2\/posts\/122345","targetHints":{"allow":["GET"]}}],"collection":[{"href":"https:\/\/iparaiba.com.br\/index.php\/wp-json\/wp\/v2\/posts"}],"about":[{"href":"https:\/\/iparaiba.com.br\/index.php\/wp-json\/wp\/v2\/types\/post"}],"author":[{"embeddable":true,"href":"https:\/\/iparaiba.com.br\/index.php\/wp-json\/wp\/v2\/users\/1"}],"replies":[{"embeddable":true,"href":"https:\/\/iparaiba.com.br\/index.php\/wp-json\/wp\/v2\/comments?post=122345"}],"version-history":[{"count":0,"href":"https:\/\/iparaiba.com.br\/index.php\/wp-json\/wp\/v2\/posts\/122345\/revisions"}],"wp:featuredmedia":[{"embeddable":true,"href":"https:\/\/iparaiba.com.br\/index.php\/wp-json\/wp\/v2\/media\/97507"}],"wp:attachment":[{"href":"https:\/\/iparaiba.com.br\/index.php\/wp-json\/wp\/v2\/media?parent=122345"}],"wp:term":[{"taxonomy":"category","embeddable":true,"href":"https:\/\/iparaiba.com.br\/index.php\/wp-json\/wp\/v2\/categories?post=122345"},{"taxonomy":"post_tag","embeddable":true,"href":"https:\/\/iparaiba.com.br\/index.php\/wp-json\/wp\/v2\/tags?post=122345"}],"curies":[{"name":"wp","href":"https:\/\/api.w.org\/{rel}","templated":true}]}}