{"id":122334,"date":"2024-07-12T18:19:00","date_gmt":"2024-07-12T21:19:00","guid":{"rendered":"https:\/\/onordeste.com.br\/?p=122334"},"modified":"2024-07-12T18:19:00","modified_gmt":"2024-07-12T21:19:00","slug":"pacto-federativo-para-a-erradicacao-do-trabalho-escravo","status":"publish","type":"post","link":"https:\/\/iparaiba.com.br\/index.php\/2024\/07\/12\/pacto-federativo-para-a-erradicacao-do-trabalho-escravo\/","title":{"rendered":"Pacto Federativo para a Erradica\u00e7\u00e3o do Trabalho Escravo"},"content":{"rendered":"<p>O Governo da Para\u00edba, por meio da Secretaria de Estado do Desenvolvimento Humano (Sedh), renovou a assinatura do Pacto Federativo para a Erradica\u00e7\u00e3o do Trabalho Escravo na Para\u00edba. O ato aconteceu durante o Semin\u00e1rio Regional de Preven\u00e7\u00e3o e Combate ao Tr\u00e1fico de Pessoas para Fins de Trabalho Escravo, que aconteceu no audit\u00f3rio do F\u00f3rum Maximiano Figueiredo, em Jo\u00e3o Pessoa.<\/p>\n<p>O Semin\u00e1rio \u00e9 uma parceria entre o Minist\u00e9rio P\u00fablico do Trabalho na Para\u00edba (MPT-PB) e o N\u00facleo Estadual de Enfrentamento ao Tr\u00e1fico e Desaparecimento de Pessoas da Para\u00edba (NETDP\/PB), vinculado \u00e0 Sedh. O evento aconteceu dentro da programa\u00e7\u00e3o da Campanha Cora\u00e7\u00e3o Azul, anualmente realizada no Brasil no m\u00eas de julho.<\/p>\n<p>O objetivo do Semin\u00e1rio \u00e9 conscientizar a popula\u00e7\u00e3o sobre o trabalho escravo que n\u00e3o se restringe apenas \u00e0 liberdade de locomo\u00e7\u00e3o do trabalhador, mas, tamb\u00e9m, ao trabalho for\u00e7ado, jornada exaustiva, condi\u00e7\u00f5es degradantes de trabalho e servid\u00e3o por d\u00edvida.<\/p>\n<p>A renova\u00e7\u00e3o da assinatura do Pacto foi feita pela secret\u00e1ria estadual do Desenvolvimento Humano, Pollyanna Dutra. \u201cA Secretaria tem um poder pedag\u00f3gico com a sociedade de orientar que as pessoas n\u00e3o s\u00e3o mercadorias e ningu\u00e9m pode viver com a sua liberdade tolhida. Nesse momento, \u00e9 um chamamento que a Secretaria faz atrav\u00e9s do seu poder de articula\u00e7\u00e3o ou outros instrumentos de Governo para que as pessoas n\u00e3o se calem diante dessa injusti\u00e7a\u201d, destacou Pollyanna.<\/p>\n","protected":false},"excerpt":{"rendered":"<p>O Governo da Para\u00edba, por meio da Secretaria de Estado do Desenvolvimento Humano (Sedh), renovou a assinatura do Pacto Federativo para a Erradica\u00e7\u00e3o do Trabalho Escravo na Para\u00edba. O ato aconteceu durante o Semin\u00e1rio Regional de Preven\u00e7\u00e3o e Combate ao Tr\u00e1fico de Pessoas para Fins de Trabalho Escravo, que aconteceu no audit\u00f3rio do F\u00f3rum Maximiano &hellip;<\/p>\n","protected":false},"author":1,"featured_media":116658,"comment_status":"open","ping_status":"open","sticky":false,"template":"","format":"standard","meta":{"footnotes":""},"categories":[6],"tags":[],"class_list":["post-122334","post","type-post","status-publish","format-standard","has-post-thumbnail","hentry","category-destaques"],"_links":{"self":[{"href":"https:\/\/iparaiba.com.br\/index.php\/wp-json\/wp\/v2\/posts\/122334","targetHints":{"allow":["GET"]}}],"collection":[{"href":"https:\/\/iparaiba.com.br\/index.php\/wp-json\/wp\/v2\/posts"}],"about":[{"href":"https:\/\/iparaiba.com.br\/index.php\/wp-json\/wp\/v2\/types\/post"}],"author":[{"embeddable":true,"href":"https:\/\/iparaiba.com.br\/index.php\/wp-json\/wp\/v2\/users\/1"}],"replies":[{"embeddable":true,"href":"https:\/\/iparaiba.com.br\/index.php\/wp-json\/wp\/v2\/comments?post=122334"}],"version-history":[{"count":0,"href":"https:\/\/iparaiba.com.br\/index.php\/wp-json\/wp\/v2\/posts\/122334\/revisions"}],"wp:featuredmedia":[{"embeddable":true,"href":"https:\/\/iparaiba.com.br\/index.php\/wp-json\/wp\/v2\/media\/116658"}],"wp:attachment":[{"href":"https:\/\/iparaiba.com.br\/index.php\/wp-json\/wp\/v2\/media?parent=122334"}],"wp:term":[{"taxonomy":"category","embeddable":true,"href":"https:\/\/iparaiba.com.br\/index.php\/wp-json\/wp\/v2\/categories?post=122334"},{"taxonomy":"post_tag","embeddable":true,"href":"https:\/\/iparaiba.com.br\/index.php\/wp-json\/wp\/v2\/tags?post=122334"}],"curies":[{"name":"wp","href":"https:\/\/api.w.org\/{rel}","templated":true}]}}