{"id":122332,"date":"2024-07-12T16:00:47","date_gmt":"2024-07-12T19:00:47","guid":{"rendered":"https:\/\/onordeste.com.br\/?p=122332"},"modified":"2024-07-12T16:00:47","modified_gmt":"2024-07-12T19:00:47","slug":"detran-promove-novo-leilao-com-450-sucatas","status":"publish","type":"post","link":"https:\/\/iparaiba.com.br\/index.php\/2024\/07\/12\/detran-promove-novo-leilao-com-450-sucatas\/","title":{"rendered":"Detran promove novo leil\u00e3o com 450 sucatas"},"content":{"rendered":"<p>O Departamento Estadual de Tr\u00e2nsito da Para\u00edba (Detran-PB) realiza, na pr\u00f3xima ter\u00e7a-feira (16), a partir das 8h, um novo leil\u00e3o eletr\u00f4nico de ve\u00edculos. Ser\u00e3o levados \u00e0 hasta p\u00fablica 450 ve\u00edculos classificados como sucatas inserv\u00edveis (ferrosos), equivalente a 115.900kg. Todos os ve\u00edculos foram removidos por infra\u00e7\u00f5es ao C\u00f3digo de Tr\u00e2nsito Brasileiro (CTB).<\/p>\n<p>De acordo com o Edital n\u00ba 28 de 2024, os eventos ser\u00e3o realizados por leiloeiro oficial, por meio do site www.maglianoleiloes.com.br, onde j\u00e1 se encontram as imagens dos ve\u00edculos para visita\u00e7\u00e3o virtual e oferta de lances. A transmiss\u00e3o dos dados dos ve\u00edculos leiloados ocorrer\u00e1 de forma eletr\u00f4nica, sem uso de papel.<\/p>\n<p>Para participar do leil\u00e3o de forma on-line basta acessar o site indicado, realizar o cadastro e ofertar seus lances via internet, acompanhando os lances de terceiros. Conforme o edital, os lotes s\u00f3 poder\u00e3o ser arrematados por empresas regulares do ramo de siderurgia, fundi\u00e7\u00e3o ou reciclagem, na forma do disposto na Resolu\u00e7\u00e3o Contran 623\/2016 e que atendam \u00e0s condi\u00e7\u00f5es de habilita\u00e7\u00e3o previstas no edital. Para visualizar, basta entrar no \u00edcone \u2018LEIL\u00c3O\u2019, depois clicar em \u2018Leil\u00f5es 2024\u2019 e, em seguida, escolher qual deseja consultar, de acordo com o n\u00famero do edital.<\/p>\n<p><b>Visita\u00e7\u00e3o presencial &#8211;\u00a0<\/b>Segundo o presidente da Comiss\u00e3o de Leil\u00e3o do Detran-PB, Rafael Miranda, tamb\u00e9m ser\u00e1 poss\u00edvel a visita\u00e7\u00e3o para inspe\u00e7\u00e3o visual dos ve\u00edculos. De acordo com o edital, essa visita presencial dever\u00e1 ser feita no hor\u00e1rio das 8h \u00e0s 12h, nesta quinta e sexta-feira (11 e 12), na sede do Detran em Mangabeira, Jo\u00e3o Pessoa. Na inspe\u00e7\u00e3o visual \u00e9 vedada quaisquer outros procedimentos tais como manuseio, experimenta\u00e7\u00e3o e ou remo\u00e7\u00e3o de pe\u00e7as. N\u00e3o haver\u00e1 visita\u00e7\u00e3o no dia de realiza\u00e7\u00e3o do leil\u00e3o.<\/p>\n","protected":false},"excerpt":{"rendered":"<p>O Departamento Estadual de Tr\u00e2nsito da Para\u00edba (Detran-PB) realiza, na pr\u00f3xima ter\u00e7a-feira (16), a partir das 8h, um novo leil\u00e3o eletr\u00f4nico de ve\u00edculos. Ser\u00e3o levados \u00e0 hasta p\u00fablica 450 ve\u00edculos classificados como sucatas inserv\u00edveis (ferrosos), equivalente a 115.900kg. Todos os ve\u00edculos foram removidos por infra\u00e7\u00f5es ao C\u00f3digo de Tr\u00e2nsito Brasileiro (CTB). De acordo com o &hellip;<\/p>\n","protected":false},"author":1,"featured_media":97342,"comment_status":"open","ping_status":"open","sticky":false,"template":"","format":"standard","meta":{"footnotes":""},"categories":[3],"tags":[],"class_list":["post-122332","post","type-post","status-publish","format-standard","has-post-thumbnail","hentry","category-nordeste"],"_links":{"self":[{"href":"https:\/\/iparaiba.com.br\/index.php\/wp-json\/wp\/v2\/posts\/122332","targetHints":{"allow":["GET"]}}],"collection":[{"href":"https:\/\/iparaiba.com.br\/index.php\/wp-json\/wp\/v2\/posts"}],"about":[{"href":"https:\/\/iparaiba.com.br\/index.php\/wp-json\/wp\/v2\/types\/post"}],"author":[{"embeddable":true,"href":"https:\/\/iparaiba.com.br\/index.php\/wp-json\/wp\/v2\/users\/1"}],"replies":[{"embeddable":true,"href":"https:\/\/iparaiba.com.br\/index.php\/wp-json\/wp\/v2\/comments?post=122332"}],"version-history":[{"count":0,"href":"https:\/\/iparaiba.com.br\/index.php\/wp-json\/wp\/v2\/posts\/122332\/revisions"}],"wp:featuredmedia":[{"embeddable":true,"href":"https:\/\/iparaiba.com.br\/index.php\/wp-json\/wp\/v2\/media\/97342"}],"wp:attachment":[{"href":"https:\/\/iparaiba.com.br\/index.php\/wp-json\/wp\/v2\/media?parent=122332"}],"wp:term":[{"taxonomy":"category","embeddable":true,"href":"https:\/\/iparaiba.com.br\/index.php\/wp-json\/wp\/v2\/categories?post=122332"},{"taxonomy":"post_tag","embeddable":true,"href":"https:\/\/iparaiba.com.br\/index.php\/wp-json\/wp\/v2\/tags?post=122332"}],"curies":[{"name":"wp","href":"https:\/\/api.w.org\/{rel}","templated":true}]}}