{"id":122330,"date":"2024-07-12T14:00:38","date_gmt":"2024-07-12T17:00:38","guid":{"rendered":"https:\/\/onordeste.com.br\/?p=122330"},"modified":"2024-07-12T14:00:38","modified_gmt":"2024-07-12T17:00:38","slug":"julho-amarelo-acoes-de-prevencao-contra-as-hepatites-virais","status":"publish","type":"post","link":"https:\/\/iparaiba.com.br\/index.php\/2024\/07\/12\/julho-amarelo-acoes-de-prevencao-contra-as-hepatites-virais\/","title":{"rendered":"Julho Amarelo: a\u00e7\u00f5es de preven\u00e7\u00e3o contra as Hepatites Virais"},"content":{"rendered":"<p>Alertar a popula\u00e7\u00e3o sobre preven\u00e7\u00e3o, diagn\u00f3stico e tratamento das hepatites virais. Com esse intuito foi criado o Julho Amarelo, um m\u00eas de alerta para a doen\u00e7a, que muitas vezes \u00e9 silenciosa, mas que pode causar s\u00e9rios danos ao f\u00edgado e \u00e0 sa\u00fade em geral. Por isso, a testagem \u00e9 t\u00e3o importante para a descoberta da enfermidade. A a\u00e7\u00e3o ser\u00e1 intensificada neste m\u00eas no Complexo de Doen\u00e7as Infectocontagiosas Dr Clementino Fraga, unidade integrante da rede hospitalar do Governo da Para\u00edba, que \u00e9 a refer\u00eancia no Estado para o diagn\u00f3stico e tratamento das hepatites virais.<\/p>\n<p>No Clementino Fraga a testagem para as hepatites virais \u00e9 de livre demanda, isso significa que toda pessoa pode se dirigir at\u00e9 o hospital, de segunda a sexta-feira, das 7h \u00e0s 16h para realizar o teste. O resultado \u00e9 entregue em aproximadamente meia hora. Para realizar a testagem o usu\u00e1rio dever\u00e1 portar documento oficial com foto, cart\u00e3o SUS e comprovante de resid\u00eancia.<\/p>\n<p>Neste m\u00eas de julho, a testagem ser\u00e1 intensificada para o p\u00fablico em geral. Nos dias 22, 23 e 24, profissionais do hospital estar\u00e3o incentivando pacientes do hospital que estejam no ambulat\u00f3rio a realizarem o teste, visto que a doen\u00e7a \u00e9 silenciosa. Al\u00e9m disso, quem estiver na unidade nesses dias tamb\u00e9m poder\u00e1 assistir pequenas explana\u00e7\u00f5es sobre o assunto. No dia 24 pela manh\u00e3, haver\u00e1 uma encena\u00e7\u00e3o com a tem\u00e1tica e, \u00e0 tarde, palestra com um m\u00e9dico especialista no assunto.<\/p>\n","protected":false},"excerpt":{"rendered":"<p>Alertar a popula\u00e7\u00e3o sobre preven\u00e7\u00e3o, diagn\u00f3stico e tratamento das hepatites virais. Com esse intuito foi criado o Julho Amarelo, um m\u00eas de alerta para a doen\u00e7a, que muitas vezes \u00e9 silenciosa, mas que pode causar s\u00e9rios danos ao f\u00edgado e \u00e0 sa\u00fade em geral. Por isso, a testagem \u00e9 t\u00e3o importante para a descoberta da &hellip;<\/p>\n","protected":false},"author":1,"featured_media":106247,"comment_status":"open","ping_status":"open","sticky":false,"template":"","format":"standard","meta":{"footnotes":""},"categories":[2],"tags":[],"class_list":["post-122330","post","type-post","status-publish","format-standard","has-post-thumbnail","hentry","category-saude"],"_links":{"self":[{"href":"https:\/\/iparaiba.com.br\/index.php\/wp-json\/wp\/v2\/posts\/122330","targetHints":{"allow":["GET"]}}],"collection":[{"href":"https:\/\/iparaiba.com.br\/index.php\/wp-json\/wp\/v2\/posts"}],"about":[{"href":"https:\/\/iparaiba.com.br\/index.php\/wp-json\/wp\/v2\/types\/post"}],"author":[{"embeddable":true,"href":"https:\/\/iparaiba.com.br\/index.php\/wp-json\/wp\/v2\/users\/1"}],"replies":[{"embeddable":true,"href":"https:\/\/iparaiba.com.br\/index.php\/wp-json\/wp\/v2\/comments?post=122330"}],"version-history":[{"count":0,"href":"https:\/\/iparaiba.com.br\/index.php\/wp-json\/wp\/v2\/posts\/122330\/revisions"}],"wp:featuredmedia":[{"embeddable":true,"href":"https:\/\/iparaiba.com.br\/index.php\/wp-json\/wp\/v2\/media\/106247"}],"wp:attachment":[{"href":"https:\/\/iparaiba.com.br\/index.php\/wp-json\/wp\/v2\/media?parent=122330"}],"wp:term":[{"taxonomy":"category","embeddable":true,"href":"https:\/\/iparaiba.com.br\/index.php\/wp-json\/wp\/v2\/categories?post=122330"},{"taxonomy":"post_tag","embeddable":true,"href":"https:\/\/iparaiba.com.br\/index.php\/wp-json\/wp\/v2\/tags?post=122330"}],"curies":[{"name":"wp","href":"https:\/\/api.w.org\/{rel}","templated":true}]}}