{"id":122328,"date":"2024-07-12T12:00:06","date_gmt":"2024-07-12T15:00:06","guid":{"rendered":"https:\/\/onordeste.com.br\/?p=122328"},"modified":"2024-07-12T12:00:06","modified_gmt":"2024-07-12T15:00:06","slug":"paraiba-marca-dia-estadual-de-luta-contra-o-htlv","status":"publish","type":"post","link":"https:\/\/iparaiba.com.br\/index.php\/2024\/07\/12\/paraiba-marca-dia-estadual-de-luta-contra-o-htlv\/","title":{"rendered":"Para\u00edba marca Dia Estadual de Luta contra o HTLV"},"content":{"rendered":"<p>A Secretaria de Estado da Sa\u00fade (SES), por meio do N\u00facleo de Infec\u00e7\u00f5es Sexualmente Transmiss\u00edveis (IST\/Aids), marcou o \u201cDia Estadual de Luta contra o HTLV\u201d \u2013 celebrado neste dia 10 de julho por iniciativa do Governo da Para\u00edba \u2013\u00a0 com a realiza\u00e7\u00e3o da \u201cOficina HTLV: Saindo da Invisibilidade\u201d. O evento, que contou com as presen\u00e7as de representantes do Minist\u00e9rio da Sa\u00fade, Fiocruz, Centro de Testagem e Aconselhamento e Servi\u00e7o de Assist\u00eancia Especializada em HIV\/AIDS, Laborat\u00f3rio Central da Para\u00edba (Lacen-PB), Hemocentro, ONGs e v\u00e1rias organiza\u00e7\u00f5es da sociedade civil (ind\u00edgenas, quilombolas e prostitutas), aconteceu no audit\u00f3rio da Faepa, em Jo\u00e3o Pessoa, das 8h30 \u00e0s 17h.<\/p>\n<p>A oficina teve como objetivo dar visibilidade \u00e0 popula\u00e7\u00e3o e aos profissionais de sa\u00fade sobre a infec\u00e7\u00e3o causada por um v\u00edrus ainda pouco conhecido, que n\u00e3o tem cura e nem tratamento, mas tem preven\u00e7\u00e3o. O HTLV \u00e9 um v\u00edrus da mesma fam\u00edlia do HIV (Aids), que pode causar doen\u00e7as graves, como c\u00e2ncer e desordens neurol\u00f3gicas. Apesar da gravidade, o tema vem sendo negligenciado, h\u00e1 muitos anos, em todo mundo. A Para\u00edba tem trazido o assunto como prioridade para as agendas de sa\u00fade e j\u00e1 tem a\u00e7\u00f5es desenvolvidas.<\/p>\n<p>De acordo com a chefe do N\u00facleo de IST\/Aids, da SES, Joanna Ramalho, al\u00e9m da institui\u00e7\u00e3o do Dia Estadual, o Lacen-PB vem desenvolvendo um projeto piloto &#8211; com a aquisi\u00e7\u00e3o dos exames para diagn\u00f3sticos \u2013 por meio do qual j\u00e1 est\u00e1 sendo feita a coleta de amostras em doadores de sangue do Hemocentro e em gestantes de alto risco atendidas na Maternidade Frei Dami\u00e3o. \u201cEm menos de um ano de implanta\u00e7\u00e3o do projeto, j\u00e1 foram diagnosticadas 15 pessoas com HTLV na Para\u00edba, entre elas, uma gestante que vem sendo acompanhada por uma equipe multiprofissional\u201d, revelou.<\/p>\n","protected":false},"excerpt":{"rendered":"<p>A Secretaria de Estado da Sa\u00fade (SES), por meio do N\u00facleo de Infec\u00e7\u00f5es Sexualmente Transmiss\u00edveis (IST\/Aids), marcou o \u201cDia Estadual de Luta contra o HTLV\u201d \u2013 celebrado neste dia 10 de julho por iniciativa do Governo da Para\u00edba \u2013\u00a0 com a realiza\u00e7\u00e3o da \u201cOficina HTLV: Saindo da Invisibilidade\u201d. O evento, que contou com as presen\u00e7as &hellip;<\/p>\n","protected":false},"author":1,"featured_media":100822,"comment_status":"open","ping_status":"open","sticky":false,"template":"","format":"standard","meta":{"footnotes":""},"categories":[2],"tags":[],"class_list":["post-122328","post","type-post","status-publish","format-standard","has-post-thumbnail","hentry","category-saude"],"_links":{"self":[{"href":"https:\/\/iparaiba.com.br\/index.php\/wp-json\/wp\/v2\/posts\/122328","targetHints":{"allow":["GET"]}}],"collection":[{"href":"https:\/\/iparaiba.com.br\/index.php\/wp-json\/wp\/v2\/posts"}],"about":[{"href":"https:\/\/iparaiba.com.br\/index.php\/wp-json\/wp\/v2\/types\/post"}],"author":[{"embeddable":true,"href":"https:\/\/iparaiba.com.br\/index.php\/wp-json\/wp\/v2\/users\/1"}],"replies":[{"embeddable":true,"href":"https:\/\/iparaiba.com.br\/index.php\/wp-json\/wp\/v2\/comments?post=122328"}],"version-history":[{"count":0,"href":"https:\/\/iparaiba.com.br\/index.php\/wp-json\/wp\/v2\/posts\/122328\/revisions"}],"wp:featuredmedia":[{"embeddable":true,"href":"https:\/\/iparaiba.com.br\/index.php\/wp-json\/wp\/v2\/media\/100822"}],"wp:attachment":[{"href":"https:\/\/iparaiba.com.br\/index.php\/wp-json\/wp\/v2\/media?parent=122328"}],"wp:term":[{"taxonomy":"category","embeddable":true,"href":"https:\/\/iparaiba.com.br\/index.php\/wp-json\/wp\/v2\/categories?post=122328"},{"taxonomy":"post_tag","embeddable":true,"href":"https:\/\/iparaiba.com.br\/index.php\/wp-json\/wp\/v2\/tags?post=122328"}],"curies":[{"name":"wp","href":"https:\/\/api.w.org\/{rel}","templated":true}]}}