{"id":122324,"date":"2024-07-12T08:00:26","date_gmt":"2024-07-12T11:00:26","guid":{"rendered":"https:\/\/onordeste.com.br\/?p=122324"},"modified":"2024-07-12T08:00:26","modified_gmt":"2024-07-12T11:00:26","slug":"funesc-lanca-programacao-de-ferias","status":"publish","type":"post","link":"https:\/\/iparaiba.com.br\/index.php\/2024\/07\/12\/funesc-lanca-programacao-de-ferias\/","title":{"rendered":"Funesc lan\u00e7a programa\u00e7\u00e3o de f\u00e9rias"},"content":{"rendered":"<p>A Funda\u00e7\u00e3o Espa\u00e7o Cultural da Para\u00edba (Funesc) realiza, de 16 a 26 deste m\u00eas, uma programa\u00e7\u00e3o com atividades voltadas ao p\u00fablico infantil durante o per\u00edodo das f\u00e9rias escolares. As a\u00e7\u00f5es acontecem, simultaneamente, em Jo\u00e3o Pessoa, Campina Grande e Cajazeiras. H\u00e1 op\u00e7\u00f5es para todas as faixas et\u00e1rias, incluindo viv\u00eancias l\u00fadicas e apresenta\u00e7\u00f5es nas linguagens de artes visuais, cinema, circo, dan\u00e7a, m\u00fasica e teatro, al\u00e9m das conta\u00e7\u00f5es de hist\u00f3rias. Com o t\u00edtulo \u201cF\u00e9rias Funesc\u201d, o projeto est\u00e1 na quarta edi\u00e7\u00e3o.<\/p>\n<p>Em Jo\u00e3o Pessoa, a programa\u00e7\u00e3o se concentra no Espa\u00e7o Cultural Jos\u00e9 Lins do Rego, em Tambauzinho. Em Campina Grande, as atividades ocorrem no Cineteatro S\u00e3o Jos\u00e9. Em Cajazeiras, o ponto de encontro da crian\u00e7ada \u00e9 o Teatro \u00cdracles Pires.<\/p>\n<p>A programa\u00e7\u00e3o \u00e9 composta por atra\u00e7\u00f5es selecionadas por meio de edital. A ideia \u00e9 oferecer op\u00e7\u00f5es de lazer e entretenimento para as fam\u00edlias, principalmente no turno da tarde, possibilitando que, ao longo deste per\u00edodo, elas possam usufruir de uma programa\u00e7\u00e3o diversa com conforto e seguran\u00e7a. \u00c9 importante que as crian\u00e7as estejam acompanhadas pelos pais ou respons\u00e1veis para participar, uma vez que n\u00e3o se trata de col\u00f4nia de f\u00e9rias e a Funesc n\u00e3o disp\u00f5e de cuidadores em suas unidades culturais.<\/p>\n<p>Al\u00e9m da agenda espec\u00edfica para o per\u00edodo, o Espa\u00e7o Cultural \u00e9 aberto \u00e0 visita\u00e7\u00e3o e vem atraindo o p\u00fablico como op\u00e7\u00e3o para as fam\u00edlias que utilizam o espa\u00e7o para realizar piqueniques ou mesmo conferir a programa\u00e7\u00e3o permanente do equipamento. De 10 a 31 de julho, as sess\u00f5es do Planet\u00e1rio t\u00eam hor\u00e1rio diferenciado e acontecem de quarta a s\u00e1bado, \u00e0s 14h, 15h30 e 16h30. Os ingressos custam R$ 4 (inteira) e R$ 2 (meia) e a bilheteria abre \u00e0s 13h, recebendo pagamento apenas em esp\u00e9cie.<\/p>\n<p>Entre as op\u00e7\u00f5es tamb\u00e9m est\u00e3o as exposi\u00e7\u00f5es permanentes do Memorial Abelardo da Hora e Museu Jos\u00e9 Lins do Rego, al\u00e9m de poder passar uma manh\u00e3 na Gibiteca em meio ao universo das hist\u00f3rias em quadrinhos.<\/p>\n<p><a href=\"https:\/\/mcusercontent.com\/63cd2f513d25ab116c25e0753\/files\/30838e70-6c30-a94f-af1c-832a27ee576d\/F_eacute_rias_Funesc.pdf\" target=\"_blank\" rel=\"noopener\" data-cke-saved-href=\"https:\/\/mcusercontent.com\/63cd2f513d25ab116c25e0753\/files\/30838e70-6c30-a94f-af1c-832a27ee576d\/F_eacute_rias_Funesc.pdf\">Confira a programa\u00e7\u00e3o<\/a><\/p>\n","protected":false},"excerpt":{"rendered":"<p>A Funda\u00e7\u00e3o Espa\u00e7o Cultural da Para\u00edba (Funesc) realiza, de 16 a 26 deste m\u00eas, uma programa\u00e7\u00e3o com atividades voltadas ao p\u00fablico infantil durante o per\u00edodo das f\u00e9rias escolares. As a\u00e7\u00f5es acontecem, simultaneamente, em Jo\u00e3o Pessoa, Campina Grande e Cajazeiras. H\u00e1 op\u00e7\u00f5es para todas as faixas et\u00e1rias, incluindo viv\u00eancias l\u00fadicas e apresenta\u00e7\u00f5es nas linguagens de artes &hellip;<\/p>\n","protected":false},"author":1,"featured_media":101818,"comment_status":"open","ping_status":"open","sticky":false,"template":"","format":"standard","meta":{"footnotes":""},"categories":[4],"tags":[],"class_list":["post-122324","post","type-post","status-publish","format-standard","has-post-thumbnail","hentry","category-cultura"],"_links":{"self":[{"href":"https:\/\/iparaiba.com.br\/index.php\/wp-json\/wp\/v2\/posts\/122324","targetHints":{"allow":["GET"]}}],"collection":[{"href":"https:\/\/iparaiba.com.br\/index.php\/wp-json\/wp\/v2\/posts"}],"about":[{"href":"https:\/\/iparaiba.com.br\/index.php\/wp-json\/wp\/v2\/types\/post"}],"author":[{"embeddable":true,"href":"https:\/\/iparaiba.com.br\/index.php\/wp-json\/wp\/v2\/users\/1"}],"replies":[{"embeddable":true,"href":"https:\/\/iparaiba.com.br\/index.php\/wp-json\/wp\/v2\/comments?post=122324"}],"version-history":[{"count":0,"href":"https:\/\/iparaiba.com.br\/index.php\/wp-json\/wp\/v2\/posts\/122324\/revisions"}],"wp:featuredmedia":[{"embeddable":true,"href":"https:\/\/iparaiba.com.br\/index.php\/wp-json\/wp\/v2\/media\/101818"}],"wp:attachment":[{"href":"https:\/\/iparaiba.com.br\/index.php\/wp-json\/wp\/v2\/media?parent=122324"}],"wp:term":[{"taxonomy":"category","embeddable":true,"href":"https:\/\/iparaiba.com.br\/index.php\/wp-json\/wp\/v2\/categories?post=122324"},{"taxonomy":"post_tag","embeddable":true,"href":"https:\/\/iparaiba.com.br\/index.php\/wp-json\/wp\/v2\/tags?post=122324"}],"curies":[{"name":"wp","href":"https:\/\/api.w.org\/{rel}","templated":true}]}}