{"id":122322,"date":"2024-07-12T06:00:08","date_gmt":"2024-07-12T09:00:08","guid":{"rendered":"https:\/\/onordeste.com.br\/?p=122322"},"modified":"2024-07-12T06:00:08","modified_gmt":"2024-07-12T09:00:08","slug":"resort-no-polo-turistico-cabo-branco-deve-gerar-cerca-de-3-mil-empregos","status":"publish","type":"post","link":"https:\/\/iparaiba.com.br\/index.php\/2024\/07\/12\/resort-no-polo-turistico-cabo-branco-deve-gerar-cerca-de-3-mil-empregos\/","title":{"rendered":"Resort no Polo Tur\u00edstico Cabo Branco deve gerar cerca de 3 mil empregos"},"content":{"rendered":"<p>O Polo Tur\u00edstico Cabo Branco, em Jo\u00e3o Pessoa, est\u00e1 em constante evolu\u00e7\u00e3o com empreendimentos que v\u00e3o gerar emprego e renda para a Para\u00edba. O Polo, projeto do Governo da Para\u00edba, destina 21 lotes para o desenvolvimento do maior complexo tur\u00edstico planejado do Nordeste, que reunir\u00e1 resorts, parque aqu\u00e1tico, equipamentos de anima\u00e7\u00e3o e estabelecimentos de com\u00e9rcio e servi\u00e7os. O Resort do Grupo Mineiro Tau\u00e1 \u00e9 um destes empreendimentos e vai gerar 2 mil empregos diretos, durante a obra, al\u00e9m de, aproximadamente, mil empregos quando o Resort estiver operando. Atualmente, cerca de 400 pessoas j\u00e1 est\u00e3o trabalhando no empreendimento que tem investimento inicial de R$ 500 milh\u00f5es.<\/p>\n<p>Em 2023, a empresa adquiriu um terreno de 300 mil metros quadrados, \u00e0 beira-mar, no Polo Tur\u00edstico. O resort de Jo\u00e3o Pessoa ser\u00e1 o primeiro do Grupo em litoral praiano e o maior da rede, com mais de 1000 quartos, al\u00e9m de contar com o primeiro Parque Aqu\u00e1tico Indoor do Nordeste com mais de 16 atra\u00e7\u00f5es. A expectativa \u00e9 que o Tau\u00e1 Resort seja conclu\u00eddo at\u00e9 2026.<\/p>\n<p>A CEO do Grupo Tau\u00e1, Lizete Ribeiro, comentou que a Para\u00edba est\u00e1 no melhor momento do turismo da sua hist\u00f3ria e isto incentivou a empresa a investir e apostar na parceria com o Governo do Estado. \u201cEstamos felizes em chegar a este Estado t\u00e3o lindo. Come\u00e7amos nosso trabalho em 1986, em Minas Gerais, e o grupo foi crescendo, trazendo inova\u00e7\u00f5es, se espalhando por outras cidades e agora vamos ter o primeiro Resort no Nordeste, aqui na Para\u00edba. Vamos oferecer uma experi\u00eancia completa para nosso p\u00fablico. Contamos com a parceria do Governo estadual e \u00e9 muito importante saber que o Estado tem as portas abertas para receber uma nova empresa. Quando a gente entra em um estado e percebe que estamos alinhados com o mesmo objetivo que \u00e9 crescer no turismo, as coisas fluem, s\u00e3o mais r\u00e1pidas. Fomos muito bem recebidos pelo governador Jo\u00e3o Azev\u00eado que tem uma vis\u00e3o muito al\u00e9m do que vai acontecer no turismo no Brasil. Ent\u00e3o, temos certeza que estamos no lugar certo\u201d, afirmou.<\/p>\n<p>O presidente do Conselho de Administra\u00e7\u00e3o do Grupo Tau\u00e1, Daniel Ribeiro, apresentou o projeto e falou sobre o desenvolvimento que o Resort trar\u00e1 para o estado. \u201cJ\u00e1 t\u00ednhamos o desejo de termos um resort na regi\u00e3o de praia, ent\u00e3o em dezembro de 2022, nos reunimos com o governador Jo\u00e3o Azev\u00eado, firmamos as parcerias, come\u00e7amos o projeto e as coisas foram acontecendo. Hoje estamos a todo vapor na constru\u00e7\u00e3o do Tau\u00e1. \u00c9 importante frisar que estamos dando prioridade aos fornecedores da Para\u00edba e que 95% da m\u00e3o-de-obra \u00e9 local. Al\u00e9m disso, o Tau\u00e1 Resort vai impulsionar ainda mais o turismo desta regi\u00e3o e vai valorizar o conceito de lazer em sinergia com a cultura regional\u201d, garantiu.<\/p>\n","protected":false},"excerpt":{"rendered":"<p>O Polo Tur\u00edstico Cabo Branco, em Jo\u00e3o Pessoa, est\u00e1 em constante evolu\u00e7\u00e3o com empreendimentos que v\u00e3o gerar emprego e renda para a Para\u00edba. O Polo, projeto do Governo da Para\u00edba, destina 21 lotes para o desenvolvimento do maior complexo tur\u00edstico planejado do Nordeste, que reunir\u00e1 resorts, parque aqu\u00e1tico, equipamentos de anima\u00e7\u00e3o e estabelecimentos de com\u00e9rcio &hellip;<\/p>\n","protected":false},"author":1,"featured_media":98650,"comment_status":"open","ping_status":"open","sticky":false,"template":"","format":"standard","meta":{"footnotes":""},"categories":[3],"tags":[],"class_list":["post-122322","post","type-post","status-publish","format-standard","has-post-thumbnail","hentry","category-nordeste"],"_links":{"self":[{"href":"https:\/\/iparaiba.com.br\/index.php\/wp-json\/wp\/v2\/posts\/122322","targetHints":{"allow":["GET"]}}],"collection":[{"href":"https:\/\/iparaiba.com.br\/index.php\/wp-json\/wp\/v2\/posts"}],"about":[{"href":"https:\/\/iparaiba.com.br\/index.php\/wp-json\/wp\/v2\/types\/post"}],"author":[{"embeddable":true,"href":"https:\/\/iparaiba.com.br\/index.php\/wp-json\/wp\/v2\/users\/1"}],"replies":[{"embeddable":true,"href":"https:\/\/iparaiba.com.br\/index.php\/wp-json\/wp\/v2\/comments?post=122322"}],"version-history":[{"count":0,"href":"https:\/\/iparaiba.com.br\/index.php\/wp-json\/wp\/v2\/posts\/122322\/revisions"}],"wp:featuredmedia":[{"embeddable":true,"href":"https:\/\/iparaiba.com.br\/index.php\/wp-json\/wp\/v2\/media\/98650"}],"wp:attachment":[{"href":"https:\/\/iparaiba.com.br\/index.php\/wp-json\/wp\/v2\/media?parent=122322"}],"wp:term":[{"taxonomy":"category","embeddable":true,"href":"https:\/\/iparaiba.com.br\/index.php\/wp-json\/wp\/v2\/categories?post=122322"},{"taxonomy":"post_tag","embeddable":true,"href":"https:\/\/iparaiba.com.br\/index.php\/wp-json\/wp\/v2\/tags?post=122322"}],"curies":[{"name":"wp","href":"https:\/\/api.w.org\/{rel}","templated":true}]}}