{"id":122318,"date":"2024-07-11T15:15:49","date_gmt":"2024-07-11T18:15:49","guid":{"rendered":"https:\/\/onordeste.com.br\/?p=122318"},"modified":"2024-07-11T15:15:49","modified_gmt":"2024-07-11T18:15:49","slug":"concurso-com-25-vagas-disponiveis","status":"publish","type":"post","link":"https:\/\/iparaiba.com.br\/index.php\/2024\/07\/11\/concurso-com-25-vagas-disponiveis\/","title":{"rendered":"Concurso com 25 vagas dispon\u00edveis"},"content":{"rendered":"<p>J\u00e1 est\u00e3o abertas as inscri\u00e7\u00f5es para os interessados em participar do concurso p\u00fablico da Prefeitura de Jo\u00e3o Pessoa para o Instituto de Previd\u00eancia do Munic\u00edpio (IPM). Est\u00e3o sendo oferecidas 25 vagas diretas e outras de reserva t\u00e9cnica.<\/p>\n<p>As inscri\u00e7\u00f5es acontecem at\u00e9 o pr\u00f3ximo dia 8 de agosto e o per\u00edodo para a solicita\u00e7\u00e3o de isen\u00e7\u00e3o do valor da taxa se encerra nesta quarta-feira (10).<\/p>\n<p>A taxa de inscri\u00e7\u00e3o para os cargos de n\u00edvel m\u00e9dio e t\u00e9cnico \u00e9 R$ 100 e para os cargos de n\u00edvel superior \u00e9 R$ 130.<\/p>\n<p>Os sal\u00e1rios variam de R$ 1.827,79 a R$ 3.201,06. Os cargos s\u00e3o de assistente de suporte de administra\u00e7\u00e3o de finan\u00e7as (11 vagas), assistente de suporte de previd\u00eancia (3 vagas), assistente de suporte de tecnologia da informa\u00e7\u00e3o (2 vagas), assistente de suporte em transporte (3 vagas), t\u00e9cnico em inform\u00e1tica (2 vagas), analista previdenci\u00e1rio administrador (1 vaga), analista previdenci\u00e1rio contador (1 vaga), analista de redes e comunica\u00e7\u00e3o (1 vaga), e analista previdenci\u00e1rio economista (1 vaga).<\/p>\n<p>Al\u00e9m destes cargos, h\u00e1 ainda vagas disponibilizadas para os cargos de cadastro de reserva.<\/p>\n<p>O concurso est\u00e1 sendo realizado pelo Instituto de Desenvolvimento Educacional, Cultural e Assistencial Nacional (Idecan) e o edital com todas as informa\u00e7\u00f5es pode ser acessado no endere\u00e7o\u00a0<a href=\"http:\/\/idecan.selecao.net.br\/informacoes\/56\/\">http:\/\/idecan.selecao.net.br\/informacoes\/56\/<\/a>.<\/p>\n<p>A divulga\u00e7\u00e3o dos locais de prova acontecer\u00e1 no dia 19 de setembro e a realiza\u00e7\u00e3o das provas objetivas ser\u00e1 no dia 22 de setembro.<\/p>\n<p>As vagas deste concurso s\u00e3o de ampla concorr\u00eancia, observada a reserva de vagas para pessoas com defici\u00eancia.<\/p>\n<p>O concurso compreende provas objetivas de m\u00faltipla escolha, de car\u00e1ter eliminat\u00f3rio e classificat\u00f3rio, prova de t\u00edtulos de car\u00e1ter classificat\u00f3rio para cargos de n\u00edvel superior e avalia\u00e7\u00e3o biopsicossocial aplicada aos candidatos inscritos na condi\u00e7\u00e3o e pessoa com defici\u00eancia.<\/p>\n","protected":false},"excerpt":{"rendered":"<p>J\u00e1 est\u00e3o abertas as inscri\u00e7\u00f5es para os interessados em participar do concurso p\u00fablico da Prefeitura de Jo\u00e3o Pessoa para o Instituto de Previd\u00eancia do Munic\u00edpio (IPM). Est\u00e3o sendo oferecidas 25 vagas diretas e outras de reserva t\u00e9cnica. As inscri\u00e7\u00f5es acontecem at\u00e9 o pr\u00f3ximo dia 8 de agosto e o per\u00edodo para a solicita\u00e7\u00e3o de isen\u00e7\u00e3o &hellip;<\/p>\n","protected":false},"author":1,"featured_media":97831,"comment_status":"open","ping_status":"open","sticky":false,"template":"","format":"standard","meta":{"footnotes":""},"categories":[12],"tags":[],"class_list":["post-122318","post","type-post","status-publish","format-standard","has-post-thumbnail","hentry","category-emprego"],"_links":{"self":[{"href":"https:\/\/iparaiba.com.br\/index.php\/wp-json\/wp\/v2\/posts\/122318","targetHints":{"allow":["GET"]}}],"collection":[{"href":"https:\/\/iparaiba.com.br\/index.php\/wp-json\/wp\/v2\/posts"}],"about":[{"href":"https:\/\/iparaiba.com.br\/index.php\/wp-json\/wp\/v2\/types\/post"}],"author":[{"embeddable":true,"href":"https:\/\/iparaiba.com.br\/index.php\/wp-json\/wp\/v2\/users\/1"}],"replies":[{"embeddable":true,"href":"https:\/\/iparaiba.com.br\/index.php\/wp-json\/wp\/v2\/comments?post=122318"}],"version-history":[{"count":0,"href":"https:\/\/iparaiba.com.br\/index.php\/wp-json\/wp\/v2\/posts\/122318\/revisions"}],"wp:featuredmedia":[{"embeddable":true,"href":"https:\/\/iparaiba.com.br\/index.php\/wp-json\/wp\/v2\/media\/97831"}],"wp:attachment":[{"href":"https:\/\/iparaiba.com.br\/index.php\/wp-json\/wp\/v2\/media?parent=122318"}],"wp:term":[{"taxonomy":"category","embeddable":true,"href":"https:\/\/iparaiba.com.br\/index.php\/wp-json\/wp\/v2\/categories?post=122318"},{"taxonomy":"post_tag","embeddable":true,"href":"https:\/\/iparaiba.com.br\/index.php\/wp-json\/wp\/v2\/tags?post=122318"}],"curies":[{"name":"wp","href":"https:\/\/api.w.org\/{rel}","templated":true}]}}