{"id":122314,"date":"2024-07-11T15:12:17","date_gmt":"2024-07-11T18:12:17","guid":{"rendered":"https:\/\/onordeste.com.br\/?p=122314"},"modified":"2024-07-11T15:12:17","modified_gmt":"2024-07-11T18:12:17","slug":"operacao-desarticula-novo-plantio-de-maconha","status":"publish","type":"post","link":"https:\/\/iparaiba.com.br\/index.php\/2024\/07\/11\/operacao-desarticula-novo-plantio-de-maconha\/","title":{"rendered":"Opera\u00e7\u00e3o desarticula novo plantio de maconha"},"content":{"rendered":"<div class=\"col-xs-12 col-sm-12 col-md-8 col-lg-8 col-md-offset-2 col-lg-offset-2\">\n<div class=\"content\">\n<p>Em uma nova a\u00e7\u00e3o de combate ao narcotr\u00e1fico, uma opera\u00e7\u00e3o conjunta entre a Pol\u00edcia Militar da Para\u00edba e a Pol\u00edcia Federal localizou mais um plantio de cannabis sativa na regi\u00e3o do Cariri, na divisa entre a Para\u00edba e Pernambuco. Esta j\u00e1 \u00e9 a 4\u00aa grande opera\u00e7\u00e3o para localiza\u00e7\u00e3o e erradica\u00e7\u00e3o de plantios que d\u00e3o origem \u00e0 maconha. A a\u00e7\u00e3o aconteceu na manh\u00e3 desta quinta-feira (11).<\/p>\n<p>De acordo com o Comando de Opera\u00e7\u00f5es Especiais Policiais (COpEsP), da Pol\u00edcia Militar, um homem foi preso e quatro armas de fogo, que eram usadas para vigil\u00e2ncia do local, foram apreendidas. A a\u00e7\u00e3o foi realizada por meio do Grupamento Especial de Opera\u00e7\u00f5es em \u00c1rea de Caatinga (GEOsAC), com apoio do 11\u00ba Batalh\u00e3o. A droga deve ser incinerada assim que a \u00e1rea total do plantio for contabilizada.<\/p>\n<p>No \u00faltimo m\u00eas, o COpEsP vem desmantelando uma grande rede de produ\u00e7\u00e3o que abastece o mercado ilegal de drogas, frustrando tamb\u00e9m as organiza\u00e7\u00f5es criminosas que cultivam, fabricam, transportam e distribuem entorpecentes.<\/p>\n<\/div>\n<\/div>\n","protected":false},"excerpt":{"rendered":"<p>Em uma nova a\u00e7\u00e3o de combate ao narcotr\u00e1fico, uma opera\u00e7\u00e3o conjunta entre a Pol\u00edcia Militar da Para\u00edba e a Pol\u00edcia Federal localizou mais um plantio de cannabis sativa na regi\u00e3o do Cariri, na divisa entre a Para\u00edba e Pernambuco. Esta j\u00e1 \u00e9 a 4\u00aa grande opera\u00e7\u00e3o para localiza\u00e7\u00e3o e erradica\u00e7\u00e3o de plantios que d\u00e3o origem &hellip;<\/p>\n","protected":false},"author":1,"featured_media":116720,"comment_status":"open","ping_status":"open","sticky":false,"template":"","format":"standard","meta":{"footnotes":""},"categories":[13],"tags":[],"class_list":["post-122314","post","type-post","status-publish","format-standard","has-post-thumbnail","hentry","category-policial"],"_links":{"self":[{"href":"https:\/\/iparaiba.com.br\/index.php\/wp-json\/wp\/v2\/posts\/122314","targetHints":{"allow":["GET"]}}],"collection":[{"href":"https:\/\/iparaiba.com.br\/index.php\/wp-json\/wp\/v2\/posts"}],"about":[{"href":"https:\/\/iparaiba.com.br\/index.php\/wp-json\/wp\/v2\/types\/post"}],"author":[{"embeddable":true,"href":"https:\/\/iparaiba.com.br\/index.php\/wp-json\/wp\/v2\/users\/1"}],"replies":[{"embeddable":true,"href":"https:\/\/iparaiba.com.br\/index.php\/wp-json\/wp\/v2\/comments?post=122314"}],"version-history":[{"count":0,"href":"https:\/\/iparaiba.com.br\/index.php\/wp-json\/wp\/v2\/posts\/122314\/revisions"}],"wp:featuredmedia":[{"embeddable":true,"href":"https:\/\/iparaiba.com.br\/index.php\/wp-json\/wp\/v2\/media\/116720"}],"wp:attachment":[{"href":"https:\/\/iparaiba.com.br\/index.php\/wp-json\/wp\/v2\/media?parent=122314"}],"wp:term":[{"taxonomy":"category","embeddable":true,"href":"https:\/\/iparaiba.com.br\/index.php\/wp-json\/wp\/v2\/categories?post=122314"},{"taxonomy":"post_tag","embeddable":true,"href":"https:\/\/iparaiba.com.br\/index.php\/wp-json\/wp\/v2\/tags?post=122314"}],"curies":[{"name":"wp","href":"https:\/\/api.w.org\/{rel}","templated":true}]}}