{"id":122309,"date":"2024-07-10T18:04:06","date_gmt":"2024-07-10T21:04:06","guid":{"rendered":"https:\/\/onordeste.com.br\/?p=122309"},"modified":"2024-07-10T18:04:06","modified_gmt":"2024-07-10T21:04:06","slug":"ufpb-participa-de-encontro-para-celebracao-de-carta-de-intencoes-entre-sudene-e-universidades-do-nordeste","status":"publish","type":"post","link":"https:\/\/iparaiba.com.br\/index.php\/2024\/07\/10\/ufpb-participa-de-encontro-para-celebracao-de-carta-de-intencoes-entre-sudene-e-universidades-do-nordeste\/","title":{"rendered":"UFPB participa de encontro para celebra\u00e7\u00e3o de carta de inten\u00e7\u00f5es entre Sudene e universidades do Nordeste"},"content":{"rendered":"<p>A Vice-reitora da Universidade Federal da Para\u00edba (UFPB), professora Liana Filgueira, representou a Institui\u00e7\u00e3o, nesta sexta-feira (28), em evento ocorrido no Recife (PE), visando a assinatura de carta de inten\u00e7\u00f5es celebrada entre a Superintend\u00eancia do Desenvolvimento do Nordeste (Sudene), as institui\u00e7\u00f5es do Nordeste que desenvolvem a Ci\u00eancia e Tecnologia no Pa\u00eds e o Cons\u00f3rcio Nordeste de Governadores. A proposta da Sudene \u00e9 de cria\u00e7\u00e3o da Rede de Institui\u00e7\u00f5es de Ci\u00eancia e Tecnologia do Nordeste (RICTNE) com a participa\u00e7\u00e3o das universidades e institutos federais de ensino superior da regi\u00e3o, para fomentar a inova\u00e7\u00e3o associada \u00e0 estrat\u00e9gia de territorializa\u00e7\u00e3o da nova ind\u00fastria do Brasil.<\/p>\n<p class=\"Standard\">Al\u00e9m da Universidade Federal da Para\u00edba (UFPB), foram convidadas as seguintes institui\u00e7\u00f5es: Universidade Federal de Campina Grande (UFCG), Universidade Federal de Alagoas (UFAL), Universidade Federal do Maranh\u00e3o (UFMA), Universidade Federal de Pernambuco (UFPE), Universidade Federal do Vale do S\u00e3o Francisco (UNIVASF), Universidade Federal do Piau\u00ed (UFPI), Universidade Federal Rural do Semi-\u00e1rido (UFERSA), Universidade Federal de Sergipe (UFS), Universidade Federal do Cariri (UFCA), Universidade da Integra\u00e7\u00e3o Internacional da Lusofonia Afro-brasileira (UNILAB), Universidade Federal do Rec\u00f4ncavo da Bahia (UFRB), Universidade Federal do Oeste da Bahia (UFOB), Universidade Federal do Rio Grande do Norte (UFRN), Universidade Federal do Agreste de Pernambuco (UFAPE), Universidade Federal do Cear\u00e1 (UFC), Universidade Federal do Sul da Bahia (UFSB), Universidade Federal da Bahia (UFBA), Universidade Federal do Piau\u00ed (UFPI), Universidade Federal Rural de Pernambuco (UFRPE) e Universidade do Delta do Parna\u00edba (UFDPAR).<\/p>\n<p class=\"Standard\">O objetivo central da proposta de constitui\u00e7\u00e3o desta rede institucional \u00e9 a reafirma\u00e7\u00e3o do papel das Institui\u00e7\u00f5es Cient\u00edficas, Tecnol\u00f3gicas e de Inova\u00e7\u00e3o do Nordeste (ICTs-NE), articuladas para o di\u00e1logo com os demais atores pol\u00edtico-institucionais presentes na Regi\u00e3o. Conforme o documento, o intuito \u00e9 articular e integrar os principais atores institucionais organizados na sociedade nordestina com interesse e compromisso em promover o desenvolvimento econ\u00f4mico e social sustent\u00e1vel da Regi\u00e3o Nordeste por meio da constitui\u00e7\u00e3o de uma Rede de Institui\u00e7\u00f5es de Ci\u00eancia e Tecnologia, considerando que as ICTs possuem o mais amplo, diversificado e profundo conjunto de conhecimentos t\u00e9cnico-cient\u00edficos e art\u00edstico-culturais em Educa\u00e7\u00e3o, Ci\u00eancia, Tecnologia, Cultura e \u00e1reas afim. S\u00e3o Institui\u00e7\u00f5es formadoras de amplo, diversificado e qualificado grupo de profissionais em todas as \u00e1reas do conhecimento, dedicados \u00e0 gera\u00e7\u00e3o e uso destes conhecimentos para o desenvolvimento social e econ\u00f4mico do pa\u00eds.<\/p>\n<p class=\"Standard\">Desta forma, a Rede ICT Nordeste (REDICT-NE) ser\u00e1 formada por meio de instrumentos jur\u00eddicos, debates p\u00fablicos e mobiliza\u00e7\u00e3o da sociedade civil, criando condi\u00e7\u00f5es de sustentabilidade de longo prazo. Por meio de seus representantes e da Carta de Inten\u00e7\u00f5es do instrumento, as institui\u00e7\u00f5es da regi\u00e3o Nordeste manifestam o interesse e compromisso em desenvolver esfor\u00e7os cooperativos para forma\u00e7\u00e3o de comiss\u00e3o para elaborar Acordo de Coopera\u00e7\u00e3o T\u00e9cnico-Cient\u00edfico, ou seja, Acordo REDICT-NE, que dever\u00e1 ser constitu\u00eddo como instrumento institucional tecnicamente integrado ao planejamento regional, representado pelo Plano Regional de Desenvolvimento do Nordeste (PRDNE), coerente e integrador dos Planos Estaduais de Desenvolvimento, instrumento da territorializa\u00e7\u00e3o da Nova Ind\u00fastria Brasil (NIB) e aderente aos Objetivos do Desenvolvimento Sustent\u00e1vel (ODS) acordados pelas diversas institui\u00e7\u00f5es da Regi\u00e3o junto ao Programa das Na\u00e7\u00f5es Unidas para o desenvolvimento (PNUD) na Agenda 2030.<\/p>\n<p>UFPB<\/p>\n","protected":false},"excerpt":{"rendered":"<p>A Vice-reitora da Universidade Federal da Para\u00edba (UFPB), professora Liana Filgueira, representou a Institui\u00e7\u00e3o, nesta sexta-feira (28), em evento ocorrido no Recife (PE), visando a assinatura de carta de inten\u00e7\u00f5es celebrada entre a Superintend\u00eancia do Desenvolvimento do Nordeste (Sudene), as institui\u00e7\u00f5es do Nordeste que desenvolvem a Ci\u00eancia e Tecnologia no Pa\u00eds e o Cons\u00f3rcio Nordeste &hellip;<\/p>\n","protected":false},"author":1,"featured_media":100968,"comment_status":"open","ping_status":"open","sticky":false,"template":"","format":"standard","meta":{"footnotes":""},"categories":[11],"tags":[],"class_list":["post-122309","post","type-post","status-publish","format-standard","has-post-thumbnail","hentry","category-educacao"],"_links":{"self":[{"href":"https:\/\/iparaiba.com.br\/index.php\/wp-json\/wp\/v2\/posts\/122309","targetHints":{"allow":["GET"]}}],"collection":[{"href":"https:\/\/iparaiba.com.br\/index.php\/wp-json\/wp\/v2\/posts"}],"about":[{"href":"https:\/\/iparaiba.com.br\/index.php\/wp-json\/wp\/v2\/types\/post"}],"author":[{"embeddable":true,"href":"https:\/\/iparaiba.com.br\/index.php\/wp-json\/wp\/v2\/users\/1"}],"replies":[{"embeddable":true,"href":"https:\/\/iparaiba.com.br\/index.php\/wp-json\/wp\/v2\/comments?post=122309"}],"version-history":[{"count":0,"href":"https:\/\/iparaiba.com.br\/index.php\/wp-json\/wp\/v2\/posts\/122309\/revisions"}],"wp:featuredmedia":[{"embeddable":true,"href":"https:\/\/iparaiba.com.br\/index.php\/wp-json\/wp\/v2\/media\/100968"}],"wp:attachment":[{"href":"https:\/\/iparaiba.com.br\/index.php\/wp-json\/wp\/v2\/media?parent=122309"}],"wp:term":[{"taxonomy":"category","embeddable":true,"href":"https:\/\/iparaiba.com.br\/index.php\/wp-json\/wp\/v2\/categories?post=122309"},{"taxonomy":"post_tag","embeddable":true,"href":"https:\/\/iparaiba.com.br\/index.php\/wp-json\/wp\/v2\/tags?post=122309"}],"curies":[{"name":"wp","href":"https:\/\/api.w.org\/{rel}","templated":true}]}}