{"id":122282,"date":"2024-07-03T10:49:22","date_gmt":"2024-07-03T13:49:22","guid":{"rendered":"https:\/\/onordeste.com.br\/?p=122232"},"modified":"2024-07-03T10:49:22","modified_gmt":"2024-07-03T13:49:22","slug":"populacao-tera-direito-a-gratuidade-em-transporte-intermunicipal-em-dia-de-eleicao","status":"publish","type":"post","link":"https:\/\/iparaiba.com.br\/index.php\/2024\/07\/03\/populacao-tera-direito-a-gratuidade-em-transporte-intermunicipal-em-dia-de-eleicao\/","title":{"rendered":"Popula\u00e7\u00e3o ter\u00e1 direito a gratuidade em transporte intermunicipal em dia de elei\u00e7\u00e3o"},"content":{"rendered":"<p>A popula\u00e7\u00e3o da Para\u00edba ter\u00e1 direito a gratuidade do transporte intermunicipal nos dias de realiza\u00e7\u00e3o da vota\u00e7\u00e3o de pleitos eleitorais. A Lei 13.319\/2024, de autoria do presidente da Assembleia Legislativa, Adriano Galdino, foi sancionada pelo Governador Jo\u00e3o Azev\u00eado e publicada no Di\u00e1rio Oficial desta sexta-feira (28).<\/p>\n<p>Segundo Adriano Galdino, a Lei tem como objetivo minimizar poss\u00edveis barreiras que impe\u00e7am a participa\u00e7\u00e3o ativa da popula\u00e7\u00e3o no dia da elei\u00e7\u00e3o.<\/p>\n<p>O parlamentar ressaltou que \u00e9 fundamental que o poder p\u00fablico proporcione ao cidad\u00e3o meios para que no dia da elei\u00e7\u00e3o ele possa exercer o seu principal direito de cidadania, que \u00e9 o voto.<\/p>\n<p>Ainda de acordo com a Lei, o eleitor poder\u00e1 comprovar seu domic\u00edlio eleitoral atrav\u00e9s do t\u00edtulo de eleitor ou por meio do aplicativo E-T\u00edtulo.<\/p>\n<p>\u201c\u00c9 uma Lei que dialoga com o direito fundamental do cidad\u00e3o, que \u00e9 o direito a voto. \u00c0s vezes o cidad\u00e3o n\u00e3o tem dinheiro para pagar a sua passagem para exercer seu direito de votar. Ent\u00e3o, agora vamos garantir \u00e0s pessoas que n\u00e3o t\u00eam capacidade financeira o poder de usar a gratuidade para exercer seu direito\u201d, destacou Adriano Galdino.<\/p>\n<p>A gratuidade ser\u00e1 oferecida nas 24horas do dia do pleito. A Lei determina tamb\u00e9m que concession\u00e1rias e permission\u00e1rias de transportes intermunicipais n\u00e3o poder\u00e3o modificar ou diminuir o trajeto e a quantidade de ve\u00edculos no dia do pleito eleitoral. A fiscaliza\u00e7\u00e3o da Lei ser\u00e1 realizada pelos \u00f3rg\u00e3os de controle, sem preju\u00edzo da atua\u00e7\u00e3o conjunta ou independente do Minist\u00e9rio P\u00fablico.<\/p>\n","protected":false},"excerpt":{"rendered":"<p>A popula\u00e7\u00e3o da Para\u00edba ter\u00e1 direito a gratuidade do transporte intermunicipal nos dias de realiza\u00e7\u00e3o da vota\u00e7\u00e3o de pleitos eleitorais. A Lei 13.319\/2024, de autoria do presidente da Assembleia Legislativa, Adriano Galdino, foi sancionada pelo Governador Jo\u00e3o Azev\u00eado e publicada no Di\u00e1rio Oficial desta sexta-feira (28). Segundo Adriano Galdino, a Lei tem como objetivo minimizar &hellip;<\/p>\n","protected":false},"author":1,"featured_media":108364,"comment_status":"open","ping_status":"open","sticky":false,"template":"","format":"standard","meta":{"footnotes":""},"categories":[8],"tags":[],"class_list":["post-122282","post","type-post","status-publish","format-standard","has-post-thumbnail","hentry","category-politica"],"_links":{"self":[{"href":"https:\/\/iparaiba.com.br\/index.php\/wp-json\/wp\/v2\/posts\/122282","targetHints":{"allow":["GET"]}}],"collection":[{"href":"https:\/\/iparaiba.com.br\/index.php\/wp-json\/wp\/v2\/posts"}],"about":[{"href":"https:\/\/iparaiba.com.br\/index.php\/wp-json\/wp\/v2\/types\/post"}],"author":[{"embeddable":true,"href":"https:\/\/iparaiba.com.br\/index.php\/wp-json\/wp\/v2\/users\/1"}],"replies":[{"embeddable":true,"href":"https:\/\/iparaiba.com.br\/index.php\/wp-json\/wp\/v2\/comments?post=122282"}],"version-history":[{"count":0,"href":"https:\/\/iparaiba.com.br\/index.php\/wp-json\/wp\/v2\/posts\/122282\/revisions"}],"wp:featuredmedia":[{"embeddable":true,"href":"https:\/\/iparaiba.com.br\/index.php\/wp-json\/wp\/v2\/media\/108364"}],"wp:attachment":[{"href":"https:\/\/iparaiba.com.br\/index.php\/wp-json\/wp\/v2\/media?parent=122282"}],"wp:term":[{"taxonomy":"category","embeddable":true,"href":"https:\/\/iparaiba.com.br\/index.php\/wp-json\/wp\/v2\/categories?post=122282"},{"taxonomy":"post_tag","embeddable":true,"href":"https:\/\/iparaiba.com.br\/index.php\/wp-json\/wp\/v2\/tags?post=122282"}],"curies":[{"name":"wp","href":"https:\/\/api.w.org\/{rel}","templated":true}]}}