{"id":122275,"date":"2024-07-06T15:00:34","date_gmt":"2024-07-06T18:00:34","guid":{"rendered":"https:\/\/onordeste.com.br\/?p=122275"},"modified":"2024-07-06T15:00:34","modified_gmt":"2024-07-06T18:00:34","slug":"mais-medicos-tera-novo-edital-com-mais-de-3-mil-vagas","status":"publish","type":"post","link":"https:\/\/iparaiba.com.br\/index.php\/2024\/07\/06\/mais-medicos-tera-novo-edital-com-mais-de-3-mil-vagas\/","title":{"rendered":"Mais M\u00e9dicos ter\u00e1 novo edital com mais de 3 mil vagas"},"content":{"rendered":"<p>A ministra da Sa\u00fade, N\u00edsia Trindade, divulgou, nesta segunda-feira (1\u00ba), que o programa Mais M\u00e9dicos ter\u00e1 novo edital com 3.184 vagas. O an\u00fancio ocorreu pelo X.<\/p>\n<p>\u201cQuando assumimos, eram menos de 13 mil m\u00e9dicos pelo programa. Hoje, temos cerca de 25 mil\u201d, afirmou a ministra pela rede social.<\/p>\n<p>Nas postagens, N\u00edsia Trindade afirmou que o novo edital vai permitir a reposi\u00e7\u00e3o de vagas com vista a chegar \u00e0 meta de 28 mil m\u00e9dicos.<\/p>\n<p>\u201cO Mais M\u00e9dicos \u00e9 uma realidade, e faz diferen\u00e7a, numa Sa\u00fade da Fam\u00edlia que hoje permite hor\u00e1rios de atendimento estendidos, como na Bahia, onde j\u00e1 temos 80% de cobertura\u201d.<\/p>\n<p>A ministra da Sa\u00fade acrescentou que, pela primeira vez, o edital seguir\u00e1 a pol\u00edtica de cotas.<\/p>\n<p>\u201cS\u00e3o 20% das vagas para grupos \u00e9tnico-raciais, e 9% para pessoas com defici\u00eancia. Seguimos assim nossa vis\u00e3o de inclus\u00e3o. Vamos divulgar o edital! Temos muitos m\u00e9dicos aguardando essa oportunidade\u201d.<\/p>\n<p>A assessoria do minist\u00e9rio da Sa\u00fade informou que outras informa\u00e7\u00f5es, como datas de inscri\u00e7\u00e3o, devem ser anunciadas ainda nesta noite de segunda.<\/p>\n<p>Ag\u00eancia Brasil<\/p>\n","protected":false},"excerpt":{"rendered":"<p>A ministra da Sa\u00fade, N\u00edsia Trindade, divulgou, nesta segunda-feira (1\u00ba), que o programa Mais M\u00e9dicos ter\u00e1 novo edital com 3.184 vagas. O an\u00fancio ocorreu pelo X. \u201cQuando assumimos, eram menos de 13 mil m\u00e9dicos pelo programa. Hoje, temos cerca de 25 mil\u201d, afirmou a ministra pela rede social. Nas postagens, N\u00edsia Trindade afirmou que o &hellip;<\/p>\n","protected":false},"author":1,"featured_media":115290,"comment_status":"open","ping_status":"open","sticky":false,"template":"","format":"standard","meta":{"footnotes":""},"categories":[12],"tags":[],"class_list":["post-122275","post","type-post","status-publish","format-standard","has-post-thumbnail","hentry","category-emprego"],"_links":{"self":[{"href":"https:\/\/iparaiba.com.br\/index.php\/wp-json\/wp\/v2\/posts\/122275","targetHints":{"allow":["GET"]}}],"collection":[{"href":"https:\/\/iparaiba.com.br\/index.php\/wp-json\/wp\/v2\/posts"}],"about":[{"href":"https:\/\/iparaiba.com.br\/index.php\/wp-json\/wp\/v2\/types\/post"}],"author":[{"embeddable":true,"href":"https:\/\/iparaiba.com.br\/index.php\/wp-json\/wp\/v2\/users\/1"}],"replies":[{"embeddable":true,"href":"https:\/\/iparaiba.com.br\/index.php\/wp-json\/wp\/v2\/comments?post=122275"}],"version-history":[{"count":1,"href":"https:\/\/iparaiba.com.br\/index.php\/wp-json\/wp\/v2\/posts\/122275\/revisions"}],"predecessor-version":[{"id":122302,"href":"https:\/\/iparaiba.com.br\/index.php\/wp-json\/wp\/v2\/posts\/122275\/revisions\/122302"}],"wp:featuredmedia":[{"embeddable":true,"href":"https:\/\/iparaiba.com.br\/index.php\/wp-json\/wp\/v2\/media\/115290"}],"wp:attachment":[{"href":"https:\/\/iparaiba.com.br\/index.php\/wp-json\/wp\/v2\/media?parent=122275"}],"wp:term":[{"taxonomy":"category","embeddable":true,"href":"https:\/\/iparaiba.com.br\/index.php\/wp-json\/wp\/v2\/categories?post=122275"},{"taxonomy":"post_tag","embeddable":true,"href":"https:\/\/iparaiba.com.br\/index.php\/wp-json\/wp\/v2\/tags?post=122275"}],"curies":[{"name":"wp","href":"https:\/\/api.w.org\/{rel}","templated":true}]}}