{"id":122273,"date":"2024-07-06T13:00:05","date_gmt":"2024-07-06T16:00:05","guid":{"rendered":"https:\/\/onordeste.com.br\/?p=122273"},"modified":"2024-07-06T13:00:05","modified_gmt":"2024-07-06T16:00:05","slug":"correios-anunciam-concurso-publico","status":"publish","type":"post","link":"https:\/\/iparaiba.com.br\/index.php\/2024\/07\/06\/correios-anunciam-concurso-publico\/","title":{"rendered":"Correios anunciam concurso p\u00fablico"},"content":{"rendered":"<p>Os Correios anunciaram um concurso p\u00fablico para o preenchimento de 3,2 mil vagas, prioritariamente para o n\u00edvel operacional de carteiro.<\/p>\n<p>Al\u00e9m disso, tamb\u00e9m foi anunciado um Programa de Desligamento Volunt\u00e1rio (PDV).<\/p>\n<p>De acordo com o presidente da empresa, Fabiano Silva dos Santos, desde 2011 a empresa n\u00e3o realiza concurso p\u00fablico.<\/p>\n<p>\u201cOs Correios t\u00eam uma defasagem de 4 mil a 5 mil cargos, mas no primeiro momento as vagas ser\u00e3o preenchidos pelos carteiros, que cobrem todos os munic\u00edpios do pa\u00eds\u201d.<\/p>\n<p>O edital do concurso deve ser publicado em agosto e o objetivo \u00e9 fortalecer os pontos de entrega da empresa.<\/p>\n<p>A expectativa \u00e9 de que os novos contratados sejam chamados ainda neste ano, em dezembro. Dentre as mais de 3 mil vagas, haver\u00e1 tamb\u00e9m cargos para n\u00edvel superior, como advogados, arquitetos e engenheiros.<\/p>\n<p>PDV<br \/>\nSegundo Silva dos Santos, o PDV \u00e9 uma demanda dos servidores da estatal. \u201cEsse pedido \u00e9 feito pelos pr\u00f3prios funcion\u00e1rios da ECT [Empresa de Correios e Tel\u00e9grafos] que j\u00e1 est\u00e3o h\u00e1 bastante tempo na empresa.\u201d<\/p>\n<p>O programa ainda precisa ser aprovado pela Secretaria de Coordena\u00e7\u00e3o e Governan\u00e7a das Empresas Estatais (SEST).<\/p>\n<p>A proposta prev\u00ea que sejam eleg\u00edveis os empregados do quadro de pessoal pr\u00f3prio dos Correios que estejam na situa\u00e7\u00e3o de ativo na data do desligamento e que atendam, cumulativamente, at\u00e9 o \u00faltimo dia do m\u00eas anterior ao da data de encerramento das inscri\u00e7\u00f5es, aos seguintes requisitos: ter idade maior ou igual a 55 anos e menor que 75 anos; ter tempo de efetivo exerc\u00edcio nos Correios maior ou igual a 25 anos; e pelo menos 36 meses de remunera\u00e7\u00e3o, nos \u00faltimos 60 meses.<\/p>\n<p>Ag\u00eancia Brasil<\/p>\n","protected":false},"excerpt":{"rendered":"<p>Os Correios anunciaram um concurso p\u00fablico para o preenchimento de 3,2 mil vagas, prioritariamente para o n\u00edvel operacional de carteiro. Al\u00e9m disso, tamb\u00e9m foi anunciado um Programa de Desligamento Volunt\u00e1rio (PDV). De acordo com o presidente da empresa, Fabiano Silva dos Santos, desde 2011 a empresa n\u00e3o realiza concurso p\u00fablico. \u201cOs Correios t\u00eam uma defasagem &hellip;<\/p>\n","protected":false},"author":1,"featured_media":97836,"comment_status":"open","ping_status":"open","sticky":false,"template":"","format":"standard","meta":{"footnotes":""},"categories":[12],"tags":[],"class_list":["post-122273","post","type-post","status-publish","format-standard","has-post-thumbnail","hentry","category-emprego"],"_links":{"self":[{"href":"https:\/\/iparaiba.com.br\/index.php\/wp-json\/wp\/v2\/posts\/122273","targetHints":{"allow":["GET"]}}],"collection":[{"href":"https:\/\/iparaiba.com.br\/index.php\/wp-json\/wp\/v2\/posts"}],"about":[{"href":"https:\/\/iparaiba.com.br\/index.php\/wp-json\/wp\/v2\/types\/post"}],"author":[{"embeddable":true,"href":"https:\/\/iparaiba.com.br\/index.php\/wp-json\/wp\/v2\/users\/1"}],"replies":[{"embeddable":true,"href":"https:\/\/iparaiba.com.br\/index.php\/wp-json\/wp\/v2\/comments?post=122273"}],"version-history":[{"count":1,"href":"https:\/\/iparaiba.com.br\/index.php\/wp-json\/wp\/v2\/posts\/122273\/revisions"}],"predecessor-version":[{"id":122301,"href":"https:\/\/iparaiba.com.br\/index.php\/wp-json\/wp\/v2\/posts\/122273\/revisions\/122301"}],"wp:featuredmedia":[{"embeddable":true,"href":"https:\/\/iparaiba.com.br\/index.php\/wp-json\/wp\/v2\/media\/97836"}],"wp:attachment":[{"href":"https:\/\/iparaiba.com.br\/index.php\/wp-json\/wp\/v2\/media?parent=122273"}],"wp:term":[{"taxonomy":"category","embeddable":true,"href":"https:\/\/iparaiba.com.br\/index.php\/wp-json\/wp\/v2\/categories?post=122273"},{"taxonomy":"post_tag","embeddable":true,"href":"https:\/\/iparaiba.com.br\/index.php\/wp-json\/wp\/v2\/tags?post=122273"}],"curies":[{"name":"wp","href":"https:\/\/api.w.org\/{rel}","templated":true}]}}