{"id":122265,"date":"2024-07-05T17:18:22","date_gmt":"2024-07-05T20:18:22","guid":{"rendered":"https:\/\/onordeste.com.br\/?p=122265"},"modified":"2024-07-05T17:18:22","modified_gmt":"2024-07-05T20:18:22","slug":"pf-faz-operacao-em-sete-estados-contra-organizacao-criminosa","status":"publish","type":"post","link":"https:\/\/iparaiba.com.br\/index.php\/2024\/07\/05\/pf-faz-operacao-em-sete-estados-contra-organizacao-criminosa\/","title":{"rendered":"PF faz opera\u00e7\u00e3o em sete estados contra organiza\u00e7\u00e3o criminosa"},"content":{"rendered":"<p><b>Uberl\u00e2ndia\/MG.<\/b> A Pol\u00edcia Federal deflagrou nos estados de Minas Gerais, Paran\u00e1, S\u00e3o Paulo, Rio de Janeiro, Santa Catarina, Bahia e Goi\u00e1s a Opera\u00e7\u00e3o Terra F\u00e9rtil, que tem por objetivo promover a descapitaliza\u00e7\u00e3o patrimonial e a desarticula\u00e7\u00e3o de uma organiza\u00e7\u00e3o criminosa atuante no tr\u00e1fico internacional de drogas.<\/p>\n<p>Cerca de 280 policiais federais cumprem 9 mandados de pris\u00e3o preventiva e 80 mandados de busca e apreens\u00e3o, al\u00e9m de outras medidas cautelares, como sequestro de bens e bloqueio de contas, expedidos pela 3\u00aa Vara Federal Criminal da Comarca de Belo Horizonte, nos estados de Minas Gerais, Rio de Janeiro, S\u00e3o Paulo, Paran\u00e1, Santa Catarina, Bahia e Goi\u00e1s.<\/p>\n<p>As investiga\u00e7\u00f5es revelaram uma complexa engrenagem montada pelo grupo criminoso e a grande quantidade de indiv\u00edduos interconectados, alguns deles com envolvimento com conhecida fac\u00e7\u00e3o criminosa.<\/p>\n<p>Um narcotraficante internacional e pessoas f\u00edsicas e jur\u00eddicas a ele associadas faziam parte de uma rede que cometia diversos delitos, visando principalmente ocultar e dissimular o patrim\u00f4nio proveniente da pr\u00e1tica de in\u00fameros crimes, dentre os quais o tr\u00e1fico internacional de drogas. O homem j\u00e1 fora investigado em outras ocasi\u00f5es pela PF e h\u00e1 suspeitas de que ele enviava coca\u00edna para pa\u00edses das Am\u00e9ricas do Sul e Central, com destaque para remessas a violentos Cart\u00e9is Mexicanos.<\/p>\n<p>Durante as investiga\u00e7\u00f5es, constatou-se que os envolvidos criavam empresas de fachada, sem v\u00ednculo de empregados no sistema CAGED, e adquiriam por meio dessas empresas im\u00f3veis e ve\u00edculos de luxo para terceiras pessoas, assim como movimentavam grande quantia de valores, incompat\u00edveis com seu capital social.<\/p>\n<p>Os s\u00f3cios das empresas geralmente n\u00e3o possu\u00edam v\u00ednculos empregat\u00edcios a anos, alguns at\u00e9 receberam aux\u00edlio emergencial.<\/p>\n<p>A PF tamb\u00e9m constatou que algumas das pessoas jur\u00eddicas efetuavam transa\u00e7\u00f5es com empresas no ramo de criptomoedas e de atividades que n\u00e3o tinham rela\u00e7\u00e3o com o ramo de neg\u00f3cio, o que leva a crer que os investimentos estivessem sendo usados para mascarar a origem il\u00edcita dos valores.<\/p>\n<p>Estima-se que o montante dos valores ilegalmente movimentados pela organiza\u00e7\u00e3o criminosa atinge a quantia de mais de R$ 5 bilh\u00f5es de reais no per\u00edodo de pouco mais de 5 anos.<\/p>\n<p align=\"right\"><i>Comunica\u00e7\u00e3o Social da Pol\u00edcia Federal em Minas Gerais<\/i><\/p>\n","protected":false},"excerpt":{"rendered":"<p>Uberl\u00e2ndia\/MG. A Pol\u00edcia Federal deflagrou nos estados de Minas Gerais, Paran\u00e1, S\u00e3o Paulo, Rio de Janeiro, Santa Catarina, Bahia e Goi\u00e1s a Opera\u00e7\u00e3o Terra F\u00e9rtil, que tem por objetivo promover a descapitaliza\u00e7\u00e3o patrimonial e a desarticula\u00e7\u00e3o de uma organiza\u00e7\u00e3o criminosa atuante no tr\u00e1fico internacional de drogas. Cerca de 280 policiais federais cumprem 9 mandados de &hellip;<\/p>\n","protected":false},"author":1,"featured_media":119146,"comment_status":"open","ping_status":"open","sticky":false,"template":"","format":"standard","meta":{"footnotes":""},"categories":[13],"tags":[],"class_list":["post-122265","post","type-post","status-publish","format-standard","has-post-thumbnail","hentry","category-policial"],"_links":{"self":[{"href":"https:\/\/iparaiba.com.br\/index.php\/wp-json\/wp\/v2\/posts\/122265","targetHints":{"allow":["GET"]}}],"collection":[{"href":"https:\/\/iparaiba.com.br\/index.php\/wp-json\/wp\/v2\/posts"}],"about":[{"href":"https:\/\/iparaiba.com.br\/index.php\/wp-json\/wp\/v2\/types\/post"}],"author":[{"embeddable":true,"href":"https:\/\/iparaiba.com.br\/index.php\/wp-json\/wp\/v2\/users\/1"}],"replies":[{"embeddable":true,"href":"https:\/\/iparaiba.com.br\/index.php\/wp-json\/wp\/v2\/comments?post=122265"}],"version-history":[{"count":1,"href":"https:\/\/iparaiba.com.br\/index.php\/wp-json\/wp\/v2\/posts\/122265\/revisions"}],"predecessor-version":[{"id":122297,"href":"https:\/\/iparaiba.com.br\/index.php\/wp-json\/wp\/v2\/posts\/122265\/revisions\/122297"}],"wp:featuredmedia":[{"embeddable":true,"href":"https:\/\/iparaiba.com.br\/index.php\/wp-json\/wp\/v2\/media\/119146"}],"wp:attachment":[{"href":"https:\/\/iparaiba.com.br\/index.php\/wp-json\/wp\/v2\/media?parent=122265"}],"wp:term":[{"taxonomy":"category","embeddable":true,"href":"https:\/\/iparaiba.com.br\/index.php\/wp-json\/wp\/v2\/categories?post=122265"},{"taxonomy":"post_tag","embeddable":true,"href":"https:\/\/iparaiba.com.br\/index.php\/wp-json\/wp\/v2\/tags?post=122265"}],"curies":[{"name":"wp","href":"https:\/\/api.w.org\/{rel}","templated":true}]}}