{"id":122260,"date":"2024-07-05T12:00:57","date_gmt":"2024-07-05T15:00:57","guid":{"rendered":"https:\/\/onordeste.com.br\/?p=122260"},"modified":"2024-07-05T12:00:57","modified_gmt":"2024-07-05T15:00:57","slug":"lancamento-do-plano-safra-da-agricultura-familiar-tem-mostra-de-maquinas-e-produtos-organicos","status":"publish","type":"post","link":"https:\/\/iparaiba.com.br\/index.php\/2024\/07\/05\/lancamento-do-plano-safra-da-agricultura-familiar-tem-mostra-de-maquinas-e-produtos-organicos\/","title":{"rendered":"Lan\u00e7amento do Plano Safra da Agricultura Familiar tem mostra de m\u00e1quinas e produtos org\u00e2nicos"},"content":{"rendered":"<p>O evento de lan\u00e7amento do Plano Safra da Agricultura Familiar 2024\/2025 \u00e9 acompanhado por uma mostra de m\u00e1quinas agr\u00edcolas que prometem ser um marco para o setor. Com a participa\u00e7\u00e3o de agricultores familiares de todo o pa\u00eds, o evento ocorre nesta quarta-feira (3\/7), na Pra\u00e7a dos Tr\u00eas Poderes, em Bras\u00edlia.<\/p>\n<h4><strong>Mostra de m\u00e1quinas<\/strong><\/h4>\n<p>A exposi\u00e7\u00e3o reunir\u00e1 45 m\u00e1quinas agr\u00edcolas, destacando-se pela diversidade e inova\u00e7\u00e3o tecnol\u00f3gica. Entre os equipamentos expostos, os visitantes poder\u00e3o conferir:<\/p>\n<p>&#8211; Tratores \u2013 Modelos projetados para atender as necessidades espec\u00edficas da agricultura familiar, oferecendo robustez e efici\u00eancia;<\/p>\n<p>&#8211; Plantadeiras \u2013 M\u00e1quinas de alta precis\u00e3o, que garantem o plantio uniforme e a maximiza\u00e7\u00e3o da produtividade;<\/p>\n<p>&#8211; Pulverizadores de pequeno porte \u2013 Equipamentos ideais para pequenas propriedades, permitindo a aplica\u00e7\u00e3o eficaz de defensivos agr\u00edcolas e fertilizantes;<\/p>\n<p>&#8211; M\u00e1quinas pequenas \u2013 Ferramentas multifuncionais que facilitam o dia a dia do agricultor familiar; e<\/p>\n<p>&#8211; Serrarias \u2013 Solu\u00e7\u00f5es para o processamento de madeira, promovendo a sustentabilidade e a diversifica\u00e7\u00e3o da produ\u00e7\u00e3o nas propriedades rurais.<\/p>\n<p>A exposi\u00e7\u00e3o das m\u00e1quinas agr\u00edcolas tem como principal objetivo demonstrar as mais recentes inova\u00e7\u00f5es tecnol\u00f3gicas dispon\u00edveis para a agricultura familiar, oferecendo aos agricultores a oportunidade de conhecer e avaliar equipamentos que podem otimizar suas atividades produtivas.<\/p>\n<p>Com 45 m\u00e1quinas em exibi\u00e7\u00e3o, o evento visa facilitar o acesso a solu\u00e7\u00f5es pr\u00e1ticas e eficientes, promover o aumento da produtividade, reduzir custos operacionais e, assim, contribuir para o desenvolvimento sustent\u00e1vel das propriedades rurais. Al\u00e9m disso, a exposi\u00e7\u00e3o busca fomentar a troca de conhecimentos entre os participantes e estimular a ado\u00e7\u00e3o de tecnologias que possam transformar a realidade do campo brasileiro.<\/p>\n<p class=\"callout\"><em>Leia tamb\u00e9m:\u00a0<strong><a href=\"https:\/\/agenciagov.ebc.com.br\/noticias\/202407\/com-reducao-de-juros-para-alimentos-basicos-plano-safra-da-agricultura-familiar-tem-recorde-de-r-76-bilhoes-no-credito-rural\" data-linktype=\"internal\" data-val=\"fb2eb380c5be4b56a9a6675a63a59a30\">Plano Safra da Agricultura Familiar: R$ 76 bilh\u00f5es de cr\u00e9dito e juros mais baixos<\/a><\/strong><\/em><\/p>\n<h4><strong>Mostra org\u00e2nica<\/strong><\/h4>\n<p>A mostra org\u00e2nica, que ocorre simultaneamente \u00e0 exposi\u00e7\u00e3o de m\u00e1quinas agr\u00edcolas, \u00e9 um verdadeiro festival de sabores e tradi\u00e7\u00f5es, reunindo agricultores familiares de todas as regi\u00f5es do Brasil. Cada estande traz produtos caracter\u00edsticos de sua \u00e1rea, proporcionando aos visitantes uma experi\u00eancia rica e diversificada.<\/p>\n<p>A Coopbra exibe produtos como doce de leite, mel de flores silvestres, castanha de caju torrada inteira e pequi do cerrado fatiado em conserva, destacando a riqueza e a qualidade dos produtos t\u00edpicos do cerrado brasileiro.<\/p>\n<p>A Flory\u00e1 apresenta mel de flores do cerrado, molho e pasta de pequi e baru, baru torrado, cacha\u00e7a e uma variedade de frutas\u00a0<em>in natura<\/em>. A MCP, por sua vez, traz uma ampla gama de produtos que incluem mel, farinha de mandioca e milho, feij\u00e3o, cacha\u00e7a, a\u00e7afr\u00e3o, melado, rapadura, molho de pimenta, pimenta em conserva, jurubeba, doces, quitandas (peta), castanha de baru, conserva de pequi e polvilho. Esses produtos n\u00e3o apenas representam a diversidade da produ\u00e7\u00e3o agr\u00edcola familiar, mas tamb\u00e9m refletem a capacidade de inova\u00e7\u00e3o e sustentabilidade dos pequenos produtores brasileiros.<\/p>\n<p>A Unicafes Nacional e a Central do Cerrado tamb\u00e9m marcam presen\u00e7a com uma oferta variada de castanhas, doces, geleias, compotas e \u00f3leos vegetais, como o \u00f3leo de coco. A Unicafes ainda apresenta arroz vermelho e feij\u00e3o, enquanto a Central do Cerrado traz farinhas e molhos diversos, al\u00e9m de \u00f3leos de baba\u00e7u, buriti, maca\u00faba e pequi.<\/p>\n<p>Estes produtos, todos oriundos da agricultura familiar, destacam-se pela qualidade e sustentabilidade, sendo produzidos de forma a respeitar o meio ambiente e promover a economia local. A mostra promete ser um encontro imperd\u00edvel para os amantes da gastronomia e para todos aqueles interessados em apoiar e valorizar a agricultura familiar no Brasil.<\/p>\n<p>Segundo Ihasminy Teixeira, presidenta da Cooperativa das Agricultoras Familiares, Povos Tradicionais e Economia Solid\u00e1ria (Flory\u00e1), o evento \u00e9 uma oportunidade de evidenciar a for\u00e7a da agricultura familiar.<\/p>\n<hr \/>\n<h4><strong>&#8220;Estamos muito animadas com o evento. Para al\u00e9m de vender nossos produtos, queremos mostrar a for\u00e7a da agricultura familiar, nossa criatividade e originalidade, que s\u00e3o os pontos mais fortes desse setor. A diversidade \u00e9 nossa marca registrada, e \u00e9 isso que faz com que nossos produtos sejam de excel\u00eancia,&#8221; afirmou\u00a0Ihasminy Teixeira<\/strong><\/h4>\n<hr \/>\n<h4><strong>Plano Safra da Agricultura Familiar\u00a0<\/strong><\/h4>\n<p>O Plano Safra da Agricultura Familiar 2024\/2025 \u00e9 um conjunto de medidas do Governo Federal que visam fortalecer a agricultura familiar para promover a produ\u00e7\u00e3o sustent\u00e1vel de alimentos saud\u00e1veis para o Brasil. O plano oferecer\u00e1 linhas de cr\u00e9dito diferenciadas, assist\u00eancia t\u00e9cnica e extens\u00e3o rural, seguros e capacita\u00e7\u00e3o, al\u00e9m de promover a pesquisa e inova\u00e7\u00e3o em tecnologias e contribuir para a transi\u00e7\u00e3o agroecol\u00f3gica.<\/p>\n<h4><strong>Programa Mais Alimentos<\/strong><\/h4>\n<p>Ao todo, o Mais Alimentos deve destinar R$ 14 bilh\u00f5es entre recursos equalizados e dos fundos constitucionais para compra de m\u00e1quinas para a agricultura familiar nesta safra. Na \u00faltima safra, o programa j\u00e1 financiou 10 bilh\u00f5es, 29% a mais que na safra anterior, entre tratores, colheitadeiras e outros implementos agr\u00edcolas. Para as m\u00e1quinas de maior porte, incluindo tratores de at\u00e9 70 Cv, o limite ser\u00e1 de R$ 250 mil, com 5% de juros e 7 anos para pagar.<\/p>\n<p>O Programa \u00e9 o resultado de um amplo trabalho interministerial, liderado pelo Minist\u00e9rio de Desenvolvimento Agr\u00e1rio e Agricultura Familiar (MDA) e Minist\u00e9rio do Desenvolvimento, Ind\u00fastria, Com\u00e9rcio e Servi\u00e7os (MDIC), de a\u00e7\u00f5es que visam o incentivo \u00e0 produ\u00e7\u00e3o nacional de m\u00e1quinas, gerando emprego na cidade e qualidade de vida no meio rural.<\/p>\n<p><em><strong>Por Minist\u00e9rio de Desenvolvimento Agr\u00e1rio e Agricultura Familiar<\/strong><\/em><\/p>\n","protected":false},"excerpt":{"rendered":"<p>O evento de lan\u00e7amento do Plano Safra da Agricultura Familiar 2024\/2025 \u00e9 acompanhado por uma mostra de m\u00e1quinas agr\u00edcolas que prometem ser um marco para o setor. Com a participa\u00e7\u00e3o de agricultores familiares de todo o pa\u00eds, o evento ocorre nesta quarta-feira (3\/7), na Pra\u00e7a dos Tr\u00eas Poderes, em Bras\u00edlia. Mostra de m\u00e1quinas A exposi\u00e7\u00e3o &hellip;<\/p>\n","protected":false},"author":1,"featured_media":108031,"comment_status":"open","ping_status":"open","sticky":false,"template":"","format":"standard","meta":{"footnotes":""},"categories":[3],"tags":[],"class_list":["post-122260","post","type-post","status-publish","format-standard","has-post-thumbnail","hentry","category-nordeste"],"_links":{"self":[{"href":"https:\/\/iparaiba.com.br\/index.php\/wp-json\/wp\/v2\/posts\/122260","targetHints":{"allow":["GET"]}}],"collection":[{"href":"https:\/\/iparaiba.com.br\/index.php\/wp-json\/wp\/v2\/posts"}],"about":[{"href":"https:\/\/iparaiba.com.br\/index.php\/wp-json\/wp\/v2\/types\/post"}],"author":[{"embeddable":true,"href":"https:\/\/iparaiba.com.br\/index.php\/wp-json\/wp\/v2\/users\/1"}],"replies":[{"embeddable":true,"href":"https:\/\/iparaiba.com.br\/index.php\/wp-json\/wp\/v2\/comments?post=122260"}],"version-history":[{"count":1,"href":"https:\/\/iparaiba.com.br\/index.php\/wp-json\/wp\/v2\/posts\/122260\/revisions"}],"predecessor-version":[{"id":122295,"href":"https:\/\/iparaiba.com.br\/index.php\/wp-json\/wp\/v2\/posts\/122260\/revisions\/122295"}],"wp:featuredmedia":[{"embeddable":true,"href":"https:\/\/iparaiba.com.br\/index.php\/wp-json\/wp\/v2\/media\/108031"}],"wp:attachment":[{"href":"https:\/\/iparaiba.com.br\/index.php\/wp-json\/wp\/v2\/media?parent=122260"}],"wp:term":[{"taxonomy":"category","embeddable":true,"href":"https:\/\/iparaiba.com.br\/index.php\/wp-json\/wp\/v2\/categories?post=122260"},{"taxonomy":"post_tag","embeddable":true,"href":"https:\/\/iparaiba.com.br\/index.php\/wp-json\/wp\/v2\/tags?post=122260"}],"curies":[{"name":"wp","href":"https:\/\/api.w.org\/{rel}","templated":true}]}}