{"id":122258,"date":"2024-07-05T10:00:44","date_gmt":"2024-07-05T13:00:44","guid":{"rendered":"https:\/\/onordeste.com.br\/?p=122258"},"modified":"2024-07-05T10:00:44","modified_gmt":"2024-07-05T13:00:44","slug":"desenrola-socorreu-60-mil-pequenos-negocios","status":"publish","type":"post","link":"https:\/\/iparaiba.com.br\/index.php\/2024\/07\/05\/desenrola-socorreu-60-mil-pequenos-negocios\/","title":{"rendered":"Desenrola socorreu 60 mil pequenos neg\u00f3cios"},"content":{"rendered":"<p>A menina dos olhos do atual governo do presidente Luiz In\u00e1cio Lula da Silva \u00e9 o est\u00edmulo ao empreendedorismo e boa parte desse projeto j\u00e1 ocupa v\u00e1rias \u00e1reas do governo, a come\u00e7ar pelo socorro aos que precisam sair do sufoco do endividamento. De acordo com o titular do\u00a0<a href=\"https:\/\/www.gov.br\/memp\/pt-br\">Minist\u00e9rio do Empreendedorismo, da Microempresa e da Empresa de Pequeno Porte<\/a>\u00a0(Memp), ministro Marcio Fran\u00e7a, um dos grandes movimentos nessa dire\u00e7\u00e3o \u00e9 o programa Desenrola Pequenos Neg\u00f3cios, que j\u00e1 atendeu 60 mil pequenos neg\u00f3cios com a concess\u00e3o e R$ 2 bilh\u00f5es em recursos para que pudessem renegociar d\u00edvidas que os sufocavam e voltar a produzir e criar empregos e renda.<\/p>\n<p>Metade, portanto, dos R$ 4 bilh\u00f5es reservados para esse programa j\u00e1 foi aplicada, proporcionando descontos a partir de 70% dos encargos devidos, em alguns casos superando os 90%. Desse modo, boa parte (30%) dos detentores de micro e pequenos neg\u00f3cios conseguir quitar a vista seus compromisso para poder retomar a atividade. &#8220;S\u00f3 quem depende do seu com\u00e9rcio ou seu pequeno neg\u00f3cio o quanto pesa saber que tem o seu CNPJ em risco, sem saber quando vai chegar um oficial de Justi\u00e7a no seu endere\u00e7o.<\/p>\n<hr \/>\n<h3><strong>&#8220;A sensa\u00e7\u00e3o de estar devendo \u00e9 muito ruim. Os menores n\u00e3o t\u00eam grandes escrit\u00f3rio de advocacia, dependem muito de algu\u00e9m dar uma m\u00e3o. E essa \u00e9 a m\u00e3o que eles estavam precisando&#8221;, afirma Marcio Fran\u00e7a.<br \/>\n<\/strong><\/h3>\n<p>&nbsp;<\/p>\n<p>Fran\u00e7a foi o entrevistado desta quarta-feira do programa <em>Bom Dia, Ministro<\/em>, do\u00a0<strong>Canal Gov<\/strong>\u00a0da EBC. Na conversa, com participa\u00e7\u00e3o de profissionais do r\u00e1dio de todo o pa\u00eds. Segundo ele, o Desenrola \u00e9 um primeiro passo para resolver a situa\u00e7\u00e3o desse segmento que hoje responde por 80% das ocupa\u00e7\u00f5es do Pa\u00eds.\u00a0O passo seguinte ser\u00e1 aprimorar o acesso ao cr\u00e9dito e, mais adiante, simplificar a tributa\u00e7\u00e3o numa futura etapa da reforma tribut\u00e1ria. O ministro afirma ainda que o grande desejo do presidente Lula \u00e9 conseguir proporcionar ao setor as mesmas condi\u00e7\u00f5es de acesso ao cr\u00e9dito j\u00e1 alcan\u00e7adas pelo setor agr\u00edcola, uma das mais importantes bases da economia nacional.<\/p>\n<p>Apesar do limite de R$ 4 bilh\u00f5es reservados para essa fase do Desenrola, o Governo Federal, por meio de outras a\u00e7\u00f5es de incentivo ao cr\u00e9dito, como o Pronampe e o Procred, j\u00e1 destinou R$ 100 bilh\u00f5es ao longo deste ano. Assim, conforme esses tomadores v\u00e3o quitando suas d\u00edvidas, os recursos v\u00e3o retornando para disponibilidades futuras.<\/p>\n<p>Fran\u00e7a lembrou ainda que, no caso do Rio Grande do Sul, em situa\u00e7\u00e3o de emerg\u00eancia e calamidade, 40% dos recursos emprestados pelo Pronampe s\u00e3o subsidiados pelo governo. Ou seja, de cada R$ 100 emprestados, o tomador dever\u00e1 R$ 60. E explicou durante a conversa sobre a engenharia financeira e as conquistas de programas como Desenrola Pequenos Neg\u00f3cios, Acredita e Procred360. Ele lembra que o empenho do Governo Federal no apoio \u00e0 reconstru\u00e7\u00e3o tem entre seus principais pilares o cr\u00e9dito para que as pessoas possa voltar a tocar a vida e cita a r\u00e1pida reabertura do Mercado P\u00fablico de Porto Alegre com uma dos exemplos desse comprometimento.<\/p>\n","protected":false},"excerpt":{"rendered":"<p>A menina dos olhos do atual governo do presidente Luiz In\u00e1cio Lula da Silva \u00e9 o est\u00edmulo ao empreendedorismo e boa parte desse projeto j\u00e1 ocupa v\u00e1rias \u00e1reas do governo, a come\u00e7ar pelo socorro aos que precisam sair do sufoco do endividamento. De acordo com o titular do\u00a0Minist\u00e9rio do Empreendedorismo, da Microempresa e da Empresa &hellip;<\/p>\n","protected":false},"author":1,"featured_media":98335,"comment_status":"open","ping_status":"open","sticky":false,"template":"","format":"standard","meta":{"footnotes":""},"categories":[16],"tags":[],"class_list":["post-122258","post","type-post","status-publish","format-standard","has-post-thumbnail","hentry","category-economia"],"_links":{"self":[{"href":"https:\/\/iparaiba.com.br\/index.php\/wp-json\/wp\/v2\/posts\/122258","targetHints":{"allow":["GET"]}}],"collection":[{"href":"https:\/\/iparaiba.com.br\/index.php\/wp-json\/wp\/v2\/posts"}],"about":[{"href":"https:\/\/iparaiba.com.br\/index.php\/wp-json\/wp\/v2\/types\/post"}],"author":[{"embeddable":true,"href":"https:\/\/iparaiba.com.br\/index.php\/wp-json\/wp\/v2\/users\/1"}],"replies":[{"embeddable":true,"href":"https:\/\/iparaiba.com.br\/index.php\/wp-json\/wp\/v2\/comments?post=122258"}],"version-history":[{"count":1,"href":"https:\/\/iparaiba.com.br\/index.php\/wp-json\/wp\/v2\/posts\/122258\/revisions"}],"predecessor-version":[{"id":122294,"href":"https:\/\/iparaiba.com.br\/index.php\/wp-json\/wp\/v2\/posts\/122258\/revisions\/122294"}],"wp:featuredmedia":[{"embeddable":true,"href":"https:\/\/iparaiba.com.br\/index.php\/wp-json\/wp\/v2\/media\/98335"}],"wp:attachment":[{"href":"https:\/\/iparaiba.com.br\/index.php\/wp-json\/wp\/v2\/media?parent=122258"}],"wp:term":[{"taxonomy":"category","embeddable":true,"href":"https:\/\/iparaiba.com.br\/index.php\/wp-json\/wp\/v2\/categories?post=122258"},{"taxonomy":"post_tag","embeddable":true,"href":"https:\/\/iparaiba.com.br\/index.php\/wp-json\/wp\/v2\/tags?post=122258"}],"curies":[{"name":"wp","href":"https:\/\/api.w.org\/{rel}","templated":true}]}}