{"id":122253,"date":"2024-07-05T06:05:26","date_gmt":"2024-07-05T09:05:26","guid":{"rendered":"https:\/\/onordeste.com.br\/?p=122253"},"modified":"2024-07-05T06:05:26","modified_gmt":"2024-07-05T09:05:26","slug":"saude-recomenda-aos-municipios-que-continuem-ofertando-a-vacina","status":"publish","type":"post","link":"https:\/\/iparaiba.com.br\/index.php\/2024\/07\/05\/saude-recomenda-aos-municipios-que-continuem-ofertando-a-vacina\/","title":{"rendered":"Sa\u00fade recomenda aos munic\u00edpios que continuem ofertando a vacina"},"content":{"rendered":"<p>A 26\u00aa Campanha Nacional de Vacina\u00e7\u00e3o da Influenza &#8211; iniciada no dia 18 de mar\u00e7o &#8211; foi encerrada nesse s\u00e1bado (28) em todo estado. No entanto, a Secretaria de Estado da Sa\u00fade (SES) recomenda aos munic\u00edpios que ainda possuem doses dispon\u00edveis nas Salas de Vacina para que continuem imunizando a popula\u00e7\u00e3o n\u00e3o vacinada, a partir dos seis meses de idade.<\/p>\n<p>A cobertura atingida no estado durante a campanha foi de 50,60%, com homogeneidade de 9,8%, o que significa que, dos 223 munic\u00edpios paraibanos, apenas 22 atingiram a meta da cobertura vacinal da campanha, que era de 90%, estabelecida pelo Minist\u00e9rio da Sa\u00fade, sendo Zabel\u00ea o primeiro lugar do Estado com 109,47% e Bayeux o munic\u00edpio com a menor cobertura (24,63%).<\/p>\n<p>A chefe do N\u00facleo de Imuniza\u00e7\u00e3o da SES, M\u00e1rcia Mayara, lembra que podem ser imunizadas todas as pessoas n\u00e3o vacinadas, com idade a partir dos seis meses. \u201cDever\u00e3o ser priorizadas crian\u00e7as, gestantes e idosos que \u00e9 o p\u00fablico de maior vulnerabilidade para as complica\u00e7\u00f5es da influenza\u201d,\u00a0 alertou.<\/p>\n<p><b>Premia\u00e7\u00e3o<\/b>\u00a0&#8211; Os 22 munic\u00edpios que atingiram a meta de 90% de cobertura vacinal durante a Campanha ser\u00e3o premiados. No total, 41 salas de vacina receber\u00e3o um incentivo no valor total de R$ 20.500,00.<\/p>\n<p>Os 22 munic\u00edpios que atingiram a meta de 90% da cobertura vacinal e ser\u00e3o contemplados s\u00e3o: Zabel\u00ea (109,47%); Carrapateira (106,17%); Curral de Cima (97,77%); Assun\u00e7\u00e3o (97,55%); Bernardino Batista (97,37%); S\u00e3o Jos\u00e9 dos Cordeiros (96,37%); Po\u00e7o de Jos\u00e9 de Moura (95,98%); Bom Jesus (95,95%); S\u00e3o Jos\u00e9 de Caiana (94,92%); Congo (94,49%); Matureia (94,14%); Pilar (93,58%); S\u00e3o Bentinho (93,04%); Pedra Branca (92,99%); Cara\u00fabas (92,42%); Prata (92,29%); Tacima (92,08%); Bom Sucesso (91,95%); Condado (91,53%); Monte Horebe (90,83%); Amparo (90,45%) e Ouro Velho (90,41%).<\/p>\n","protected":false},"excerpt":{"rendered":"<p>A 26\u00aa Campanha Nacional de Vacina\u00e7\u00e3o da Influenza &#8211; iniciada no dia 18 de mar\u00e7o &#8211; foi encerrada nesse s\u00e1bado (28) em todo estado. No entanto, a Secretaria de Estado da Sa\u00fade (SES) recomenda aos munic\u00edpios que ainda possuem doses dispon\u00edveis nas Salas de Vacina para que continuem imunizando a popula\u00e7\u00e3o n\u00e3o vacinada, a partir &hellip;<\/p>\n","protected":false},"author":1,"featured_media":97614,"comment_status":"open","ping_status":"open","sticky":false,"template":"","format":"standard","meta":{"footnotes":""},"categories":[2],"tags":[],"class_list":["post-122253","post","type-post","status-publish","format-standard","has-post-thumbnail","hentry","category-saude"],"_links":{"self":[{"href":"https:\/\/iparaiba.com.br\/index.php\/wp-json\/wp\/v2\/posts\/122253","targetHints":{"allow":["GET"]}}],"collection":[{"href":"https:\/\/iparaiba.com.br\/index.php\/wp-json\/wp\/v2\/posts"}],"about":[{"href":"https:\/\/iparaiba.com.br\/index.php\/wp-json\/wp\/v2\/types\/post"}],"author":[{"embeddable":true,"href":"https:\/\/iparaiba.com.br\/index.php\/wp-json\/wp\/v2\/users\/1"}],"replies":[{"embeddable":true,"href":"https:\/\/iparaiba.com.br\/index.php\/wp-json\/wp\/v2\/comments?post=122253"}],"version-history":[{"count":1,"href":"https:\/\/iparaiba.com.br\/index.php\/wp-json\/wp\/v2\/posts\/122253\/revisions"}],"predecessor-version":[{"id":122292,"href":"https:\/\/iparaiba.com.br\/index.php\/wp-json\/wp\/v2\/posts\/122253\/revisions\/122292"}],"wp:featuredmedia":[{"embeddable":true,"href":"https:\/\/iparaiba.com.br\/index.php\/wp-json\/wp\/v2\/media\/97614"}],"wp:attachment":[{"href":"https:\/\/iparaiba.com.br\/index.php\/wp-json\/wp\/v2\/media?parent=122253"}],"wp:term":[{"taxonomy":"category","embeddable":true,"href":"https:\/\/iparaiba.com.br\/index.php\/wp-json\/wp\/v2\/categories?post=122253"},{"taxonomy":"post_tag","embeddable":true,"href":"https:\/\/iparaiba.com.br\/index.php\/wp-json\/wp\/v2\/tags?post=122253"}],"curies":[{"name":"wp","href":"https:\/\/api.w.org\/{rel}","templated":true}]}}