{"id":122251,"date":"2024-07-04T18:03:18","date_gmt":"2024-07-04T21:03:18","guid":{"rendered":"https:\/\/onordeste.com.br\/?p=122251"},"modified":"2024-07-04T18:03:18","modified_gmt":"2024-07-04T21:03:18","slug":"parcerias-para-aprimorar-a-gestao-publica-e-ampliar-o-enfrentamento-a-violencia","status":"publish","type":"post","link":"https:\/\/iparaiba.com.br\/index.php\/2024\/07\/04\/parcerias-para-aprimorar-a-gestao-publica-e-ampliar-o-enfrentamento-a-violencia\/","title":{"rendered":"Parcerias para aprimorar a gest\u00e3o p\u00fablica e ampliar o enfrentamento \u00e0 viol\u00eancia"},"content":{"rendered":"<p>O governador Jo\u00e3o Azev\u00eado participou em Jo\u00e3o Pessoa, da solenidade de entrega do Programa Im\u00f3vel da Gente, que contou com a presen\u00e7a da ministra da Gest\u00e3o e Inova\u00e7\u00e3o em Servi\u00e7os P\u00fablicos (MGI), Esther Dweck. Na ocasi\u00e3o, o governador tamb\u00e9m assinou uma parceria de inova\u00e7\u00e3o em gest\u00e3o em 33 \u00e1reas para o aprimoramento da gest\u00e3o p\u00fablica estadual e um acordo de coopera\u00e7\u00e3o t\u00e9cnica de reservas de vagas para mulheres em situa\u00e7\u00e3o de viol\u00eancia nos contratos p\u00fablicos federais.<\/p>\n<p>As a\u00e7\u00f5es e \u00e1reas da Uni\u00e3o que ser\u00e3o cedidas \u00e0 Para\u00edba no \u00e2mbito do Programa Im\u00f3vel da Gente s\u00e3o as seguintes: autoriza\u00e7\u00e3o de obras de urbaniza\u00e7\u00e3o do acesso \u00e0s\u00a0 Praias do Sol e Gramame, em Jo\u00e3o Pessoa; e de Ponta de Campina, em Cabedelo; cess\u00e3o da \u00e1rea do Est\u00e1dio de Futebol Francisco Figueiredo de Lima, tamb\u00e9m em Cabedelo; renova\u00e7\u00e3o de cess\u00e3o para o Governo do Estado da \u00e1rea do Hospital Regional de Monteiro, beneficiando 89 munic\u00edpios da regi\u00e3o; cess\u00e3o do Edif\u00edcio do Ipase para a Entidade Uni\u00e3o por Moradia Popular da Para\u00edba, contemplando 50 fam\u00edlias; e a destina\u00e7\u00e3o de terreno para a entidade Uni\u00e3o Campinense das Equipes Sociais, no Minha Casa, Minha Vida \u2014 Parcerias, beneficiando 40 fam\u00edlias.<\/p>\n<p>Durante a solenidade, realizada no Teatro Paulo Pontes do Espa\u00e7o Cultural Jos\u00e9 Lins do R\u00eago, o chefe do Executivo ressaltou a import\u00e2ncia das a\u00e7\u00f5es do MGI para a Para\u00edba. &#8220;Hoje, com muita honra, a Para\u00edba recebe a ministra Esther Dweck, trazendo um conjunto de a\u00e7\u00f5es que acredito serem gest\u00e3o p\u00fablica, que \u00e9 ter um m\u00faltiplo olhar sobre as diversas demandas que se apresentam. O que fizemos aqui, assinando termos de cess\u00e3o, protocolos em diversas \u00e1reas demonstram o tamanho da responsabilidade que o Minist\u00e9rio da Inova\u00e7\u00e3o tem nesse processo de reconstru\u00e7\u00e3o, cuidando das pessoas. E para isso \u00e9 fundamental que a gente qualifique a gest\u00e3o a cada dia. Em 2019, lan\u00e7amos o Governo Digital \u2014 hoje a Para\u00edba tem mais de 400 servi\u00e7os dispon\u00edveis, facilitando o acesso do cidad\u00e3o a esses servi\u00e7os, evitando, por exemplo, que algu\u00e9m se dirija a uma secretaria para marcar o dia que viria a essa mesma secretaria&#8221;, comentou.<\/p>\n","protected":false},"excerpt":{"rendered":"<p>O governador Jo\u00e3o Azev\u00eado participou em Jo\u00e3o Pessoa, da solenidade de entrega do Programa Im\u00f3vel da Gente, que contou com a presen\u00e7a da ministra da Gest\u00e3o e Inova\u00e7\u00e3o em Servi\u00e7os P\u00fablicos (MGI), Esther Dweck. Na ocasi\u00e3o, o governador tamb\u00e9m assinou uma parceria de inova\u00e7\u00e3o em gest\u00e3o em 33 \u00e1reas para o aprimoramento da gest\u00e3o p\u00fablica &hellip;<\/p>\n","protected":false},"author":1,"featured_media":102125,"comment_status":"open","ping_status":"open","sticky":false,"template":"","format":"standard","meta":{"footnotes":""},"categories":[6],"tags":[],"class_list":["post-122251","post","type-post","status-publish","format-standard","has-post-thumbnail","hentry","category-destaques"],"_links":{"self":[{"href":"https:\/\/iparaiba.com.br\/index.php\/wp-json\/wp\/v2\/posts\/122251","targetHints":{"allow":["GET"]}}],"collection":[{"href":"https:\/\/iparaiba.com.br\/index.php\/wp-json\/wp\/v2\/posts"}],"about":[{"href":"https:\/\/iparaiba.com.br\/index.php\/wp-json\/wp\/v2\/types\/post"}],"author":[{"embeddable":true,"href":"https:\/\/iparaiba.com.br\/index.php\/wp-json\/wp\/v2\/users\/1"}],"replies":[{"embeddable":true,"href":"https:\/\/iparaiba.com.br\/index.php\/wp-json\/wp\/v2\/comments?post=122251"}],"version-history":[{"count":1,"href":"https:\/\/iparaiba.com.br\/index.php\/wp-json\/wp\/v2\/posts\/122251\/revisions"}],"predecessor-version":[{"id":122291,"href":"https:\/\/iparaiba.com.br\/index.php\/wp-json\/wp\/v2\/posts\/122251\/revisions\/122291"}],"wp:featuredmedia":[{"embeddable":true,"href":"https:\/\/iparaiba.com.br\/index.php\/wp-json\/wp\/v2\/media\/102125"}],"wp:attachment":[{"href":"https:\/\/iparaiba.com.br\/index.php\/wp-json\/wp\/v2\/media?parent=122251"}],"wp:term":[{"taxonomy":"category","embeddable":true,"href":"https:\/\/iparaiba.com.br\/index.php\/wp-json\/wp\/v2\/categories?post=122251"},{"taxonomy":"post_tag","embeddable":true,"href":"https:\/\/iparaiba.com.br\/index.php\/wp-json\/wp\/v2\/tags?post=122251"}],"curies":[{"name":"wp","href":"https:\/\/api.w.org\/{rel}","templated":true}]}}