{"id":122249,"date":"2024-07-04T14:00:39","date_gmt":"2024-07-04T17:00:39","guid":{"rendered":"https:\/\/onordeste.com.br\/?p=122247"},"modified":"2024-07-04T14:00:39","modified_gmt":"2024-07-04T17:00:39","slug":"programacao-de-julho-do-centro-de-convencoes-contempla-publicos-infantojuvenil-e-adulto","status":"publish","type":"post","link":"https:\/\/iparaiba.com.br\/index.php\/2024\/07\/04\/programacao-de-julho-do-centro-de-convencoes-contempla-publicos-infantojuvenil-e-adulto\/","title":{"rendered":"Programa\u00e7\u00e3o de julho do Centro de Conven\u00e7\u00f5es contempla p\u00fablicos infantojuvenil e adulto"},"content":{"rendered":"<p>Em julho, a programa\u00e7\u00e3o do Centro de Conven\u00e7\u00f5es tem multifeira, festival e divers\u00e3o para todos os p\u00fablicos. No dia 13, tem o espet\u00e1culo \u2018Gato Gal\u00e1ctico em Aventura Prism\u00e1gica\u2019, no Teatro Pedra do Reino. Fen\u00f4meno entre o p\u00fablico infantojuvenil, com mais de 17 milh\u00f5es de inscritos no YouTube, o grupo promete um show a partir das 17h com muita m\u00fasica, hist\u00f3ria, imagina\u00e7\u00e3o e fantasia. Os ingressos est\u00e3o sendo vendidos no site\u00a0<a href=\"http:\/\/gatogalactico.com.br\/\">gatogalactico.com.br<\/a>\u00a0e variam entre R$ 60 e R$ 160.<\/p>\n<p>No mesmo dia, \u00e0s 20h, tem o humor de Raphael Ghanem no stand up \u201cSe \u00c9 Que Voc\u00ea Me Entende\u201d. Os ingressos dispon\u00edveis no\u00a0<a href=\"https:\/\/www.ingressodigital.com\/evento\/11029\/Raphael_Ghanem__Se__Que_Voc_Me_Entende\">Sympla<\/a>\u00a0variam entre R$ 40 e R$ 110.<\/p>\n<p>No domingo, dia 14, a Barca dos Cora\u00e7\u00f5es Partidos faz apresenta\u00e7\u00e3o \u00fanica do premiado musical \u2018Jacksons do Pandeiro\u2019, a partir das 19h. A homenagem ao cantor natural de Alagoa Grande-PB tem dire\u00e7\u00e3o de Duda Maia, texto de Br\u00e1ulio Tavares e Duda Rios e dire\u00e7\u00e3o musical de Alfredo Del-Penho e Beto Lemos. Os ingressos variam de R$ 19,50 a R$ 120 e est\u00e3o dispon\u00edveis na plataforma do\u00a0<a href=\"https:\/\/bileto.sympla.com.br\/event\/94687\/d\/259241?gad_source=1&amp;gclid=CjwKCAjwyo60BhBiEiwAHmVLJZialrPLSqLdb5qs4IPmlytxWD3ls5Zt0LrNsQ6auDyokzM2hciQGRoCEX0QAvD_BwE\">Sympla<\/a>.<\/p>\n<p>Dos dias 26 a 28, o universo Geek toma conta dos espa\u00e7os do Centro de Conven\u00e7\u00f5es. O Imagineland, o mais importante festival de cultura pop do Norte-Nordeste do Brasil, ter\u00e1 sua 2\u00aa edi\u00e7\u00e3o com mais de 100 horas de programa\u00e7\u00e3o e atra\u00e7\u00f5es nacionais e internacionais, a exemplo dos atores norte-americanos Vincent Martella e Mike Estime, ambos do seriado Todo Mundo Odeia o Chris; da atriz Aimee Garcia, conhecida por seus papeis em s\u00e9ries como L\u00facifer e Dexter; do ator e humorista mexicano Carlos Villagr\u00e1n, o Kiko do seriado Chaves; do ator norte-americano Michael Cudlitz, o Abraham de The Walking Dead e o Lex Luthor de Superman &amp; Lois; e das cosplayers Maid of Might e Cassandra Ariel.<\/p>\n<p>Este ano, o festival ter\u00e1 uma novidade: o Music Arena, que vai promover o \u00faltimo show do Sepultura, &#8220;Celebrating Life Through Death&#8221;, turn\u00ea internacional que marca a despedida do grupo dos palcos. Os ingressos est\u00e3o \u00e0 venda no site do\u00a0<a href=\"https:\/\/imagineland.com.br\/ingressos\/\">Imagineland<\/a>, a partir de R$ 107.<\/p>\n<p>J\u00e1 no Pavilh\u00e3o do Centro de Conven\u00e7\u00f5es, a programa\u00e7\u00e3o tem in\u00edcio na pr\u00f3xima sexta-feira, dia 15, com mais uma edi\u00e7\u00e3o da Multifeira Brasil Mostra Brasil. At\u00e9 o dia 14, a expectativa \u00e9 que mais de 100 mil pessoas visitem o local que vai funcionar das 16h \u00e0s 22h com entrada no valor \u00fanico de R$ 10 e mais R$ 10 da taxa de estacionamento.<\/p>\n<p>No primeiro dia do evento, quem levar acima de 3kg de alimentos n\u00e3o perec\u00edveis ou 5 litros de \u00e1gua vai poder entrar gratuitamente. Nos demais dias, as doa\u00e7\u00f5es v\u00e3o dar acesso \u00e0 feira sem compra de ingresso somente das 16h \u00e0s 18h.<\/p>\n<p>A programa\u00e7\u00e3o do Centro de Conven\u00e7\u00f5es com todos os eventos tamb\u00e9m est\u00e1 dispon\u00edvel no Instagram @centrodeconvencoesjoaopessoa.<\/p>\n<p>TEATRO PEDRA DO REINO<\/p>\n<p>Dia 13 &#8211; Gato Gal\u00e1ctico em Aventura Prism\u00e1gica<\/p>\n<p>Dia 14 &#8211; Musical Jacksons do Pandeiro<\/p>\n<p>Dias 26 a 28 \u2013 Imagineland<\/p>\n<p>PAVILH\u00c3O DE FEIRAS<\/p>\n<p>Dia 5 &#8211; Multifeira Brasil Mostra Brasil<\/p>\n","protected":false},"excerpt":{"rendered":"<p>Em julho, a programa\u00e7\u00e3o do Centro de Conven\u00e7\u00f5es tem multifeira, festival e divers\u00e3o para todos os p\u00fablicos. No dia 13, tem o espet\u00e1culo \u2018Gato Gal\u00e1ctico em Aventura Prism\u00e1gica\u2019, no Teatro Pedra do Reino. Fen\u00f4meno entre o p\u00fablico infantojuvenil, com mais de 17 milh\u00f5es de inscritos no YouTube, o grupo promete um show a partir das &hellip;<\/p>\n","protected":false},"author":1,"featured_media":115192,"comment_status":"open","ping_status":"open","sticky":false,"template":"","format":"standard","meta":{"footnotes":""},"categories":[11],"tags":[],"class_list":["post-122249","post","type-post","status-publish","format-standard","has-post-thumbnail","hentry","category-educacao"],"_links":{"self":[{"href":"https:\/\/iparaiba.com.br\/index.php\/wp-json\/wp\/v2\/posts\/122249","targetHints":{"allow":["GET"]}}],"collection":[{"href":"https:\/\/iparaiba.com.br\/index.php\/wp-json\/wp\/v2\/posts"}],"about":[{"href":"https:\/\/iparaiba.com.br\/index.php\/wp-json\/wp\/v2\/types\/post"}],"author":[{"embeddable":true,"href":"https:\/\/iparaiba.com.br\/index.php\/wp-json\/wp\/v2\/users\/1"}],"replies":[{"embeddable":true,"href":"https:\/\/iparaiba.com.br\/index.php\/wp-json\/wp\/v2\/comments?post=122249"}],"version-history":[{"count":1,"href":"https:\/\/iparaiba.com.br\/index.php\/wp-json\/wp\/v2\/posts\/122249\/revisions"}],"predecessor-version":[{"id":122289,"href":"https:\/\/iparaiba.com.br\/index.php\/wp-json\/wp\/v2\/posts\/122249\/revisions\/122289"}],"wp:featuredmedia":[{"embeddable":true,"href":"https:\/\/iparaiba.com.br\/index.php\/wp-json\/wp\/v2\/media\/115192"}],"wp:attachment":[{"href":"https:\/\/iparaiba.com.br\/index.php\/wp-json\/wp\/v2\/media?parent=122249"}],"wp:term":[{"taxonomy":"category","embeddable":true,"href":"https:\/\/iparaiba.com.br\/index.php\/wp-json\/wp\/v2\/categories?post=122249"},{"taxonomy":"post_tag","embeddable":true,"href":"https:\/\/iparaiba.com.br\/index.php\/wp-json\/wp\/v2\/tags?post=122249"}],"curies":[{"name":"wp","href":"https:\/\/api.w.org\/{rel}","templated":true}]}}