{"id":122248,"date":"2024-07-04T12:00:09","date_gmt":"2024-07-04T15:00:09","guid":{"rendered":"https:\/\/onordeste.com.br\/?p=122245"},"modified":"2024-07-04T12:00:09","modified_gmt":"2024-07-04T15:00:09","slug":"paraiba-alcanca-3o-lugar-entre-os-estados-que-mais-vacinaram-contra-a-poliomielite","status":"publish","type":"post","link":"https:\/\/iparaiba.com.br\/index.php\/2024\/07\/04\/paraiba-alcanca-3o-lugar-entre-os-estados-que-mais-vacinaram-contra-a-poliomielite\/","title":{"rendered":"Para\u00edba alcan\u00e7a 3\u00ba lugar entre os estados que mais vacinaram contra a poliomielite"},"content":{"rendered":"<p>A Para\u00edba alcan\u00e7ou a 3\u00aa posi\u00e7\u00e3o no ranking nacional de vacina\u00e7\u00e3o contra a poliomielite. O Estado registrou um percentual de 43,86% de cobertura durante a campanha de vacina\u00e7\u00e3o, que se encerrou na \u00faltima sexta-feira (30). A a\u00e7\u00e3o, que iniciou em maio, teve como objetivo aumentar as coberturas vacinais e reduzir o risco de reintrodu\u00e7\u00e3o do poliov\u00edrus no Brasil.<\/p>\n<p>De acordo com a chefe do N\u00facleo de Imuniza\u00e7\u00e3o da SES, M\u00e1rcia Mayara, o n\u00edvel de cobertura vacinal alcan\u00e7ado pela Para\u00edba ainda foi menor do que a meta de 95% estabelecida pelo Minist\u00e9rio da Sa\u00fade.\u00a0 \u201cA vacina \u00e9 imprescind\u00edvel para diminuir o risco de reintrodu\u00e7\u00e3o da poliomielite no pa\u00eds e no estado. Em parceria com os 223 munic\u00edpios realizamos dias D de mobiliza\u00e7\u00e3o, al\u00e9m de disponibilizarmos o imunizante em mais de mil salas de vacina\u00e7\u00e3o. Como o nosso p\u00fablico-alvo eram crian\u00e7as menores de cinco anos, fizemos tamb\u00e9m a Semana de Vacina\u00e7\u00e3o nas escolas e creches, com o intuito de facilitar o acesso desse grupo \u00e0 vacina\u201d, explicou.<\/p>\n<p>A gestora refor\u00e7ou que, com o fim da campanha, \u00e9 importante que pais e respons\u00e1veis se mantenham atentos ao calend\u00e1rio vacinal para que possam levar suas crian\u00e7as at\u00e9 os postos de vacina\u00e7\u00e3o no per\u00edodo correspondente a aplica\u00e7\u00e3o das doses do imunizante que protege contra a doen\u00e7a. \u201c\u00c9 necess\u00e1rio que ap\u00f3s a campanha, seja feito esse acompanhamento do calend\u00e1rio para que, no momento correto, essas crian\u00e7as possam receber a vacina, ficando devidamente protegidas da poliomielite, dessa forma, estaremos diminuindo os riscos da reintrodu\u00e7\u00e3o do poliov\u00edrus no territ\u00f3rio brasileiro e paraibano\u201d, pontuou.<\/p>\n<p>Entre os estados que mais se destacaram na vacina\u00e7\u00e3o, al\u00e9m da Para\u00edba que ocupa o 3\u00ba lugar, est\u00e3o Piau\u00ed na 1\u00aa coloca\u00e7\u00e3o, com uma cobertura de 51,69%; e \u00a0Tocantins, logo em seguida, na 2\u00aa posi\u00e7\u00e3o, com um percentual de 51,06%.<\/p>\n<p>O \u00faltimo caso de poliomielite registrado no Brasil ocorreu em 1989, em Sousa, na Para\u00edba. Em 1994, o pa\u00eds recebeu a certifica\u00e7\u00e3o de \u00e1rea livre de circula\u00e7\u00e3o do poliov\u00edrus selvagem. No entanto, em 2023, o Brasil foi classificado como de alto risco para a reintrodu\u00e7\u00e3o do poliov\u00edrus pela Comiss\u00e3o Regional para a Certifica\u00e7\u00e3o da Erradica\u00e7\u00e3o da Poliomielite na Regi\u00e3o das Am\u00e9ricas.<\/p>\n<p>A poliomielite \u00e9 uma doen\u00e7a grave caracterizada por um quadro de paralisia fl\u00e1cida causada pelo poliov\u00edrus selvagem (PVS) tipo 1, 2 ou 3, que, em geral, acomete os membros inferiores, de forma assim\u00e9trica e irrevers\u00edvel.<\/p>\n","protected":false},"excerpt":{"rendered":"<p>A Para\u00edba alcan\u00e7ou a 3\u00aa posi\u00e7\u00e3o no ranking nacional de vacina\u00e7\u00e3o contra a poliomielite. O Estado registrou um percentual de 43,86% de cobertura durante a campanha de vacina\u00e7\u00e3o, que se encerrou na \u00faltima sexta-feira (30). A a\u00e7\u00e3o, que iniciou em maio, teve como objetivo aumentar as coberturas vacinais e reduzir o risco de reintrodu\u00e7\u00e3o do &hellip;<\/p>\n","protected":false},"author":1,"featured_media":109617,"comment_status":"open","ping_status":"open","sticky":false,"template":"","format":"standard","meta":{"footnotes":""},"categories":[2],"tags":[],"class_list":["post-122248","post","type-post","status-publish","format-standard","has-post-thumbnail","hentry","category-saude"],"_links":{"self":[{"href":"https:\/\/iparaiba.com.br\/index.php\/wp-json\/wp\/v2\/posts\/122248","targetHints":{"allow":["GET"]}}],"collection":[{"href":"https:\/\/iparaiba.com.br\/index.php\/wp-json\/wp\/v2\/posts"}],"about":[{"href":"https:\/\/iparaiba.com.br\/index.php\/wp-json\/wp\/v2\/types\/post"}],"author":[{"embeddable":true,"href":"https:\/\/iparaiba.com.br\/index.php\/wp-json\/wp\/v2\/users\/1"}],"replies":[{"embeddable":true,"href":"https:\/\/iparaiba.com.br\/index.php\/wp-json\/wp\/v2\/comments?post=122248"}],"version-history":[{"count":1,"href":"https:\/\/iparaiba.com.br\/index.php\/wp-json\/wp\/v2\/posts\/122248\/revisions"}],"predecessor-version":[{"id":122288,"href":"https:\/\/iparaiba.com.br\/index.php\/wp-json\/wp\/v2\/posts\/122248\/revisions\/122288"}],"wp:featuredmedia":[{"embeddable":true,"href":"https:\/\/iparaiba.com.br\/index.php\/wp-json\/wp\/v2\/media\/109617"}],"wp:attachment":[{"href":"https:\/\/iparaiba.com.br\/index.php\/wp-json\/wp\/v2\/media?parent=122248"}],"wp:term":[{"taxonomy":"category","embeddable":true,"href":"https:\/\/iparaiba.com.br\/index.php\/wp-json\/wp\/v2\/categories?post=122248"},{"taxonomy":"post_tag","embeddable":true,"href":"https:\/\/iparaiba.com.br\/index.php\/wp-json\/wp\/v2\/tags?post=122248"}],"curies":[{"name":"wp","href":"https:\/\/api.w.org\/{rel}","templated":true}]}}