{"id":122246,"date":"2024-07-04T06:00:30","date_gmt":"2024-07-04T09:00:30","guid":{"rendered":"https:\/\/onordeste.com.br\/?p=122241"},"modified":"2024-07-04T06:00:30","modified_gmt":"2024-07-04T09:00:30","slug":"inscricoes-abertas-encontro-da-oab-promove-debate-sobre-a-seguranca-digital-no-judiciario","status":"publish","type":"post","link":"https:\/\/iparaiba.com.br\/index.php\/2024\/07\/04\/inscricoes-abertas-encontro-da-oab-promove-debate-sobre-a-seguranca-digital-no-judiciario\/","title":{"rendered":"Inscri\u00e7\u00f5es abertas: encontro da OAB promove debate sobre a seguran\u00e7a digital no Judici\u00e1rio"},"content":{"rendered":"<p>Est\u00e3o abertas as inscri\u00e7\u00f5es para o encontro \u201cCiberseguran\u00e7a: perspectivas regulat\u00f3rias e atua\u00e7\u00e3o das ag\u00eancias e autoridades de controle\u201d, promovido pelas comiss\u00f5es de Prote\u00e7\u00e3o de Dados, de Direito Digital e de Intelig\u00eancia Artificial da OAB Nacional. O evento acontecer\u00e1 no dia 17 de julho, de forma virtual.<\/p>\n<p>O objetivo da a\u00e7\u00e3o \u00e9 orientar os participantes sobre quest\u00f5es relacionadas \u00e0 prote\u00e7\u00e3o de dados e \u00e0 seguran\u00e7a digital no \u00e2mbito Judici\u00e1rio, como a regula\u00e7\u00e3o e governan\u00e7a da intelig\u00eancia artificial e as obriga\u00e7\u00f5es da Lei Geral de Prote\u00e7\u00e3o de Dados.<\/p>\n<p>Na abertura, est\u00e3o confirmadas as participa\u00e7\u00f5es do presidente do CFOAB, Beto Simonetti; do presidente da Comiss\u00e3o Especial de Prote\u00e7\u00e3o de Dados, Rodrigo Badar\u00f3; da presidente da Comiss\u00e3o Especial de Direito Digital, Laura Schertel Vinhal; e do presidente da Comiss\u00e3o Especial de Intelig\u00eancia Artificial, Adwardys de Barros Vinhal.<\/p>\n<p>Entre os convidados, est\u00e1 a mestre e doutora em Ci\u00eancias Jur\u00eddico-Civil\u00edsticas e professora da Faculdade de Direito da Universidade de Coimbra, Mafalda Miranda Barbosa, que vai ministrar a aula magna do evento.<\/p>\n<p><a href=\"https:\/\/centraleventos.oab.org.br\/event\/907\/cyberseguranca-perspectivas-regulatorias-e-atuacoes-das-agencias-e-autoridades-de-controle\" target=\"_blank\" rel=\"noopener\">As inscri\u00e7\u00f5es s\u00e3o gratuitas. Clique aqui e saiba mais!<\/a><\/p>\n","protected":false},"excerpt":{"rendered":"<p>Est\u00e3o abertas as inscri\u00e7\u00f5es para o encontro \u201cCiberseguran\u00e7a: perspectivas regulat\u00f3rias e atua\u00e7\u00e3o das ag\u00eancias e autoridades de controle\u201d, promovido pelas comiss\u00f5es de Prote\u00e7\u00e3o de Dados, de Direito Digital e de Intelig\u00eancia Artificial da OAB Nacional. O evento acontecer\u00e1 no dia 17 de julho, de forma virtual. O objetivo da a\u00e7\u00e3o \u00e9 orientar os participantes sobre &hellip;<\/p>\n","protected":false},"author":1,"featured_media":97560,"comment_status":"open","ping_status":"open","sticky":false,"template":"","format":"standard","meta":{"footnotes":""},"categories":[9],"tags":[],"class_list":["post-122246","post","type-post","status-publish","format-standard","has-post-thumbnail","hentry","category-justica"],"_links":{"self":[{"href":"https:\/\/iparaiba.com.br\/index.php\/wp-json\/wp\/v2\/posts\/122246","targetHints":{"allow":["GET"]}}],"collection":[{"href":"https:\/\/iparaiba.com.br\/index.php\/wp-json\/wp\/v2\/posts"}],"about":[{"href":"https:\/\/iparaiba.com.br\/index.php\/wp-json\/wp\/v2\/types\/post"}],"author":[{"embeddable":true,"href":"https:\/\/iparaiba.com.br\/index.php\/wp-json\/wp\/v2\/users\/1"}],"replies":[{"embeddable":true,"href":"https:\/\/iparaiba.com.br\/index.php\/wp-json\/wp\/v2\/comments?post=122246"}],"version-history":[{"count":1,"href":"https:\/\/iparaiba.com.br\/index.php\/wp-json\/wp\/v2\/posts\/122246\/revisions"}],"predecessor-version":[{"id":122286,"href":"https:\/\/iparaiba.com.br\/index.php\/wp-json\/wp\/v2\/posts\/122246\/revisions\/122286"}],"wp:featuredmedia":[{"embeddable":true,"href":"https:\/\/iparaiba.com.br\/index.php\/wp-json\/wp\/v2\/media\/97560"}],"wp:attachment":[{"href":"https:\/\/iparaiba.com.br\/index.php\/wp-json\/wp\/v2\/media?parent=122246"}],"wp:term":[{"taxonomy":"category","embeddable":true,"href":"https:\/\/iparaiba.com.br\/index.php\/wp-json\/wp\/v2\/categories?post=122246"},{"taxonomy":"post_tag","embeddable":true,"href":"https:\/\/iparaiba.com.br\/index.php\/wp-json\/wp\/v2\/tags?post=122246"}],"curies":[{"name":"wp","href":"https:\/\/api.w.org\/{rel}","templated":true}]}}