{"id":122244,"date":"2024-07-03T15:00:07","date_gmt":"2024-07-03T18:00:07","guid":{"rendered":"https:\/\/onordeste.com.br\/?p=122236"},"modified":"2024-07-03T15:00:07","modified_gmt":"2024-07-03T18:00:07","slug":"apreensao-de-maquinas-ilegais-de-bronzeamento","status":"publish","type":"post","link":"https:\/\/iparaiba.com.br\/index.php\/2024\/07\/03\/apreensao-de-maquinas-ilegais-de-bronzeamento\/","title":{"rendered":"Apreens\u00e3o de m\u00e1quinas ilegais de bronzeamento"},"content":{"rendered":"<p style=\"font-weight: 400;\">Numa opera\u00e7\u00e3o conjunta denominada\u00a0Brown Skin\u00a0(pele marrom\/bronzeada), que reuniu a Ag\u00eancia Estadual de Vigil\u00e2ncia Sanit\u00e1ria (Agevisa\/PB), o MPProcon, a Pol\u00edcia Civil e a Receita Estadual, foram cumpridos onze mandados de busca e apreens\u00e3o que resultaram no recolhimento de aproximadamente vinte m\u00e1quinas de bronzeamento artificial, al\u00e9m de v\u00e1rios produtos com prazo de validade vencido, nas cidades de Jo\u00e3o Pessoa, Campina Grande e Cajazeiras.<\/p>\n<p style=\"font-weight: 400;\">Motivada por den\u00fancias, junto \u00e0 Agevisa\/PB, de utiliza\u00e7\u00e3o ilegal de m\u00e1quinas de bronzeamento artificial para fins est\u00e9ticos em estabelecimentos sediados na Capital e em cidades do interior da Para\u00edba, a Opera\u00e7\u00e3o Brown Skin foi realizada no per\u00edodo da manh\u00e3 e in\u00edcio de tarde desta quarta-feira (26), quando foi confirmada, nos estabelecimentos visitados, a pr\u00e1tica do crime previsto no art. 65 do C\u00f3digo Civil do Consumidor (Lei 8.078\/1990), que trata da \u201cexecu\u00e7\u00e3o de\u00a0servi\u00e7o de alto grau de periculosidade, contrariando determina\u00e7\u00e3o de autoridade competente\u201d, il\u00edcito pun\u00edvel com pena de deten\u00e7\u00e3o de seis meses a dois anos, al\u00e9m de multa.<\/p>\n<p style=\"font-weight: 400;\">No caso das m\u00e1quinas de bronzeamento artificial, conforme o diretor-geral da Agevisa\/PB, Geraldo Moreira de Menezes, o il\u00edcito se configura pela proibi\u00e7\u00e3o vedada dos referidos equipamentos em todo o territ\u00f3rio nacional. \u201cAs\u00a0m\u00e1quinas\/pared\u00f5es com exposi\u00e7\u00e3o a raios ultravioleta, utilizadas nos procedimentos de bronzeamento artificial, com finalidade est\u00e9tica, s\u00e3o proibidas pela Ag\u00eancia Nacional de Vigil\u00e2ncia Sanit\u00e1ria (Anvisa) atrav\u00e9s da\u00a0Resolu\u00e7\u00e3o de Diretoria Colegiada (RDC) n\u00ba 56\/2009, que veda a importa\u00e7\u00e3o, o recebimento em doa\u00e7\u00e3o, o aluguel, a comercializa\u00e7\u00e3o e o uso desses equipamentos\u201d, explicou Geraldo Moreira.<\/p>\n<p style=\"font-weight: 400;\">Ele acrescentou que \u201ca proibi\u00e7\u00e3o n\u00e3o se aplica aos equipamentos com emiss\u00e3o de radia\u00e7\u00e3o ultravioleta destinados a tratamento m\u00e9dico ou odontol\u00f3gico supervisionado, desde que tais aparelhos estejam devidamente registrados ou cadastrados junto \u00e0 Anvisa, conforme regulamento sanit\u00e1rio aplic\u00e1vel\u201d.<\/p>\n<p style=\"font-weight: 400;\"><strong>Comprova\u00e7\u00e3o\u00a0<\/strong><strong>cient\u00edfica \u2013<\/strong>\u00a0De acordo com o\u00a0diretor-t\u00e9cnico de Sa\u00fade da Agevisa\/PB, Hugo Jos\u00e9 de Barros Franca, a proibi\u00e7\u00e3o, pela Anvisa,\u00a0dos equipamentos para bronzeamento artificial, com finalidade est\u00e9tica, baseados na emiss\u00e3o de radia\u00e7\u00e3o ultravioleta,\u00a0foi motivada por reavalia\u00e7\u00e3o da Ag\u00eancia Internacional de Pesquisa sobre C\u00e2ncer \u2013 institui\u00e7\u00e3o vinculada \u00e0 Organiza\u00e7\u00e3o Mundial da Sa\u00fade (OMS), que, em documento publicado em julho de 2009, disse haver evid\u00eancias suficientes para considerar que a exposi\u00e7\u00e3o aos raios ultravioletas submete os seres humanos a agentes carcinog\u00eanicos, ou seja, causadores de c\u00e2ncer.<\/p>\n<p style=\"font-weight: 400;\">Segundo Hugo Franca, para decidir pela proibi\u00e7\u00e3o, tamb\u00e9m se levou em considera\u00e7\u00e3o a comprova\u00e7\u00e3o de que n\u00e3o existem benef\u00edcios que contraponham os riscos decorrentes do uso dos equipamentos para bronzeamento artificial est\u00e9tico com emiss\u00e3o de radia\u00e7\u00e3o ultravioleta. \u201cTal situa\u00e7\u00e3o fere a legisla\u00e7\u00e3o sanit\u00e1ria vigente no que diz respeito \u00e0 determina\u00e7\u00e3o de que os poss\u00edveis riscos associados aos equipamentos tecnol\u00f3gicos devem ser aceit\u00e1veis em rela\u00e7\u00e3o ao benef\u00edcio proporcionado pelo uso do produto. E, no caso dos equipamentos de bronzeamento artificial para fins est\u00e9ticos, s\u00e3o grandes as dificuldades de se determinar um n\u00edvel de exposi\u00e7\u00e3o seguro \u00e0 radia\u00e7\u00e3o ultravioleta\u201d, comentou.<\/p>\n","protected":false},"excerpt":{"rendered":"<p>Numa opera\u00e7\u00e3o conjunta denominada\u00a0Brown Skin\u00a0(pele marrom\/bronzeada), que reuniu a Ag\u00eancia Estadual de Vigil\u00e2ncia Sanit\u00e1ria (Agevisa\/PB), o MPProcon, a Pol\u00edcia Civil e a Receita Estadual, foram cumpridos onze mandados de busca e apreens\u00e3o que resultaram no recolhimento de aproximadamente vinte m\u00e1quinas de bronzeamento artificial, al\u00e9m de v\u00e1rios produtos com prazo de validade vencido, nas cidades de &hellip;<\/p>\n","protected":false},"author":1,"featured_media":115387,"comment_status":"open","ping_status":"open","sticky":false,"template":"","format":"standard","meta":{"footnotes":""},"categories":[15],"tags":[],"class_list":["post-122244","post","type-post","status-publish","format-standard","has-post-thumbnail","hentry","category-links"],"_links":{"self":[{"href":"https:\/\/iparaiba.com.br\/index.php\/wp-json\/wp\/v2\/posts\/122244","targetHints":{"allow":["GET"]}}],"collection":[{"href":"https:\/\/iparaiba.com.br\/index.php\/wp-json\/wp\/v2\/posts"}],"about":[{"href":"https:\/\/iparaiba.com.br\/index.php\/wp-json\/wp\/v2\/types\/post"}],"author":[{"embeddable":true,"href":"https:\/\/iparaiba.com.br\/index.php\/wp-json\/wp\/v2\/users\/1"}],"replies":[{"embeddable":true,"href":"https:\/\/iparaiba.com.br\/index.php\/wp-json\/wp\/v2\/comments?post=122244"}],"version-history":[{"count":1,"href":"https:\/\/iparaiba.com.br\/index.php\/wp-json\/wp\/v2\/posts\/122244\/revisions"}],"predecessor-version":[{"id":122284,"href":"https:\/\/iparaiba.com.br\/index.php\/wp-json\/wp\/v2\/posts\/122244\/revisions\/122284"}],"wp:featuredmedia":[{"embeddable":true,"href":"https:\/\/iparaiba.com.br\/index.php\/wp-json\/wp\/v2\/media\/115387"}],"wp:attachment":[{"href":"https:\/\/iparaiba.com.br\/index.php\/wp-json\/wp\/v2\/media?parent=122244"}],"wp:term":[{"taxonomy":"category","embeddable":true,"href":"https:\/\/iparaiba.com.br\/index.php\/wp-json\/wp\/v2\/categories?post=122244"},{"taxonomy":"post_tag","embeddable":true,"href":"https:\/\/iparaiba.com.br\/index.php\/wp-json\/wp\/v2\/tags?post=122244"}],"curies":[{"name":"wp","href":"https:\/\/api.w.org\/{rel}","templated":true}]}}