{"id":122223,"date":"2024-06-25T15:34:19","date_gmt":"2024-06-25T18:34:19","guid":{"rendered":"https:\/\/onordeste.com.br\/?p=122186"},"modified":"2024-06-25T15:34:19","modified_gmt":"2024-06-25T18:34:19","slug":"prefeitura-inicia-utilizacao-de-energia-solar-em-sede-do-procon","status":"publish","type":"post","link":"https:\/\/iparaiba.com.br\/index.php\/2024\/06\/25\/prefeitura-inicia-utilizacao-de-energia-solar-em-sede-do-procon\/","title":{"rendered":"Prefeitura inicia utiliza\u00e7\u00e3o de energia solar em sede do Procon"},"content":{"rendered":"<p style=\"font-weight: 400;\">A Prefeitura de Campina Grande deu in\u00edcio a utiliza\u00e7\u00e3o do sistema fotovoltaico, para a utiliza\u00e7\u00e3o de energia solar no abastecimento da sede do Procon Municipal. \u201cSomos o primeiro pr\u00e9dio pr\u00f3prio da gest\u00e3o municipal que adota esse modelo de abastecimento energ\u00e9tico, que vai resultar em grande economia financeira para os cofres p\u00fablicos\u201d, destacou o coordenador do \u00f3rg\u00e3o, Waldeny Santana.<\/p>\n<p style=\"font-weight: 400;\">O sistema fotovoltaico do Procon-CG come\u00e7ou a ser instalado pela empresa campinense M.S. Solar na sede do \u00f3rg\u00e3o no \u00faltimo dia 27 de mar\u00e7o, a partir de investimentos na ordem de R$ 58,6 mil, fruto de recursos pr\u00f3prios. S\u00e3o 38 placas de 585w cada que v\u00e3o garantir o abastecimento por energia solar com uma pot\u00eancia m\u00ednima de17kwp, ou seja, uma gera\u00e7\u00e3o mensal de 2.800 \u00e0 3.000 kwh que vai atender as necessidades do pr\u00e9dio, reduzindo custos mensais de R$ 2 mil para a administra\u00e7\u00e3o municipal e diminuindo os impactos ambientais.<\/p>\n","protected":false},"excerpt":{"rendered":"<p>A Prefeitura de Campina Grande deu in\u00edcio a utiliza\u00e7\u00e3o do sistema fotovoltaico, para a utiliza\u00e7\u00e3o de energia solar no abastecimento da sede do Procon Municipal. \u201cSomos o primeiro pr\u00e9dio pr\u00f3prio da gest\u00e3o municipal que adota esse modelo de abastecimento energ\u00e9tico, que vai resultar em grande economia financeira para os cofres p\u00fablicos\u201d, destacou o coordenador do &hellip;<\/p>\n","protected":false},"author":1,"featured_media":98820,"comment_status":"open","ping_status":"open","sticky":false,"template":"","format":"standard","meta":{"footnotes":""},"categories":[7],"tags":[],"class_list":["post-122223","post","type-post","status-publish","format-standard","has-post-thumbnail","hentry","category-diversas"],"_links":{"self":[{"href":"https:\/\/iparaiba.com.br\/index.php\/wp-json\/wp\/v2\/posts\/122223","targetHints":{"allow":["GET"]}}],"collection":[{"href":"https:\/\/iparaiba.com.br\/index.php\/wp-json\/wp\/v2\/posts"}],"about":[{"href":"https:\/\/iparaiba.com.br\/index.php\/wp-json\/wp\/v2\/types\/post"}],"author":[{"embeddable":true,"href":"https:\/\/iparaiba.com.br\/index.php\/wp-json\/wp\/v2\/users\/1"}],"replies":[{"embeddable":true,"href":"https:\/\/iparaiba.com.br\/index.php\/wp-json\/wp\/v2\/comments?post=122223"}],"version-history":[{"count":0,"href":"https:\/\/iparaiba.com.br\/index.php\/wp-json\/wp\/v2\/posts\/122223\/revisions"}],"wp:featuredmedia":[{"embeddable":true,"href":"https:\/\/iparaiba.com.br\/index.php\/wp-json\/wp\/v2\/media\/98820"}],"wp:attachment":[{"href":"https:\/\/iparaiba.com.br\/index.php\/wp-json\/wp\/v2\/media?parent=122223"}],"wp:term":[{"taxonomy":"category","embeddable":true,"href":"https:\/\/iparaiba.com.br\/index.php\/wp-json\/wp\/v2\/categories?post=122223"},{"taxonomy":"post_tag","embeddable":true,"href":"https:\/\/iparaiba.com.br\/index.php\/wp-json\/wp\/v2\/tags?post=122223"}],"curies":[{"name":"wp","href":"https:\/\/api.w.org\/{rel}","templated":true}]}}