{"id":122216,"date":"2024-06-27T14:03:02","date_gmt":"2024-06-27T17:03:02","guid":{"rendered":"https:\/\/onordeste.com.br\/?p=122216"},"modified":"2024-06-27T14:03:02","modified_gmt":"2024-06-27T17:03:02","slug":"locais-de-prova-do-cnu-serao-divulgados","status":"publish","type":"post","link":"https:\/\/iparaiba.com.br\/index.php\/2024\/06\/27\/locais-de-prova-do-cnu-serao-divulgados\/","title":{"rendered":"Locais de prova do CNU ser\u00e3o divulgados"},"content":{"rendered":"<p>Faltam dois meses para o Concurso Nacional Unificado (CNU), as provas<a href=\"https:\/\/agenciabrasil.ebc.com.br\/geral\/noticia\/2024-05\/concurso-unificado-sera-em-18-de-agosto-confirma-ministerio-da-gestao\" target=\"_blank\" rel=\"noopener\">\u00a0ser\u00e3o aplicadas no dia 18 de agosto\u00a0(domingo)<\/a> em todo o pa\u00eds. Ser\u00e1 o concurso com o maior n\u00famero de candidatos j\u00e1 realizado no Brasil.\u00a0Ao todo, 2,144 milh\u00f5es de candidatos se inscreveram\u00a0no processo seletivo e disputar\u00e3o 6.640 vagas oferecidas por 21 \u00f3rg\u00e3os p\u00fablicos federais.<\/p>\n<p>Inicialmente, o concurso estava marcado para o dia 5 de maio. O governo federal\u00a0<a href=\"https:\/\/agenciabrasil.ebc.com.br\/geral\/noticia\/2024-05\/governo-adia-concurso-unificado-no-pais-por-causa-de-chuvas-no-rs\" target=\"_blank\" rel=\"noopener\">adiou em raz\u00e3o da situa\u00e7\u00e3o do Rio Grande do Sul<\/a>, que teve quase todas as cidades inundadas por causa das fortes chuvas enfrentadas naquele m\u00eas.<\/p>\n<p>Segundo o governo, a medida foi para garantir acesso de todos os candidatos ao processo seletivo. Com o adiamento,\u00a0todos os 18.757 malotes de prova\u00a0foram recolhidos e colocados em\u00a0local seguro. O Minist\u00e9rio da Gest\u00e3o e da Inova\u00e7\u00e3o em Servi\u00e7os P\u00fablicos, respons\u00e1vel pelo CNU, informou que os\u00a0malotes foram checados e n\u00e3o houve nenhuma viola\u00e7\u00e3o.<\/p>\n<h2>Locais de prova<\/h2>\n<p>Com a nova data do concurso, os cart\u00f5es de prova ser\u00e3o\u00a0divulgados no dia 7 de agosto (quarta-feira), de acordo com o Minist\u00e9rio da Gest\u00e3o.<\/p>\n<p>O cart\u00e3o trar\u00e1 o local onde o candidato far\u00e1 as provas,\u00a0os hor\u00e1rios de abertura e fechamento dos port\u00f5es e outras informa\u00e7\u00f5es.<\/p>\n<p>O candidato deve ficar atento se o local de prova foi mantido\u00a0ou mudou. O minist\u00e9rio informou que tentar\u00e1\u00a0manter os endere\u00e7os definidos anteriormente.<\/p>\n<p>As provas ser\u00e3o aplicadas em um \u00fanico dia, em dois turnos (manh\u00e3 e tarde).<\/p>\n<h2>Como consultar o cart\u00e3o de prova?<\/h2>\n<p>Para consultar o cart\u00e3o, ser\u00e1\u00a0preciso acessar a<a href=\"https:\/\/cpnu.cesgranrio.org.br\/login\" target=\"_blank\" rel=\"noopener\">\u00a0\u00c1rea do Candidato<\/a>, na mesma p\u00e1gina em que foi feita\u00a0a inscri\u00e7\u00e3o. \u00c9 necess\u00e1rio\u00a0fazer login com a\u00a0conta Gov.br.<\/p>\n<h2>Cronograma<\/h2>\n<p>O\u00a0<a href=\"https:\/\/www.gov.br\/gestao\/pt-br\/concursonacional\/cronograma\" target=\"_blank\" rel=\"noopener\">cronograma completo do concurso<\/a>, como divulga\u00e7\u00e3o da classifica\u00e7\u00e3o\u00a0e convoca\u00e7\u00e3o dos aprovados, ser\u00e1 divulgado em breve, conforme o minist\u00e9rio.<\/p>\n<p>At\u00e9 o momento, foram divulgadas as datas de aplica\u00e7\u00e3o das provas &#8211; 18 de agosto &#8211; e da divulga\u00e7\u00e3o do cart\u00e3o de prova &#8211; 7 de agosto.<\/p>\n<p>Ag\u00eancia Brasil<\/p>\n","protected":false},"excerpt":{"rendered":"<p>Faltam dois meses para o Concurso Nacional Unificado (CNU), as provas\u00a0ser\u00e3o aplicadas no dia 18 de agosto\u00a0(domingo) em todo o pa\u00eds. Ser\u00e1 o concurso com o maior n\u00famero de candidatos j\u00e1 realizado no Brasil.\u00a0Ao todo, 2,144 milh\u00f5es de candidatos se inscreveram\u00a0no processo seletivo e disputar\u00e3o 6.640 vagas oferecidas por 21 \u00f3rg\u00e3os p\u00fablicos federais. Inicialmente, o &hellip;<\/p>\n","protected":false},"author":1,"featured_media":97479,"comment_status":"open","ping_status":"open","sticky":false,"template":"","format":"standard","meta":{"footnotes":""},"categories":[18],"tags":[],"class_list":["post-122216","post","type-post","status-publish","format-standard","has-post-thumbnail","hentry","category-brasil"],"_links":{"self":[{"href":"https:\/\/iparaiba.com.br\/index.php\/wp-json\/wp\/v2\/posts\/122216","targetHints":{"allow":["GET"]}}],"collection":[{"href":"https:\/\/iparaiba.com.br\/index.php\/wp-json\/wp\/v2\/posts"}],"about":[{"href":"https:\/\/iparaiba.com.br\/index.php\/wp-json\/wp\/v2\/types\/post"}],"author":[{"embeddable":true,"href":"https:\/\/iparaiba.com.br\/index.php\/wp-json\/wp\/v2\/users\/1"}],"replies":[{"embeddable":true,"href":"https:\/\/iparaiba.com.br\/index.php\/wp-json\/wp\/v2\/comments?post=122216"}],"version-history":[{"count":1,"href":"https:\/\/iparaiba.com.br\/index.php\/wp-json\/wp\/v2\/posts\/122216\/revisions"}],"predecessor-version":[{"id":122238,"href":"https:\/\/iparaiba.com.br\/index.php\/wp-json\/wp\/v2\/posts\/122216\/revisions\/122238"}],"wp:featuredmedia":[{"embeddable":true,"href":"https:\/\/iparaiba.com.br\/index.php\/wp-json\/wp\/v2\/media\/97479"}],"wp:attachment":[{"href":"https:\/\/iparaiba.com.br\/index.php\/wp-json\/wp\/v2\/media?parent=122216"}],"wp:term":[{"taxonomy":"category","embeddable":true,"href":"https:\/\/iparaiba.com.br\/index.php\/wp-json\/wp\/v2\/categories?post=122216"},{"taxonomy":"post_tag","embeddable":true,"href":"https:\/\/iparaiba.com.br\/index.php\/wp-json\/wp\/v2\/tags?post=122216"}],"curies":[{"name":"wp","href":"https:\/\/api.w.org\/{rel}","templated":true}]}}