{"id":122212,"date":"2024-06-27T10:00:32","date_gmt":"2024-06-27T13:00:32","guid":{"rendered":"https:\/\/onordeste.com.br\/?p=122212"},"modified":"2024-06-27T10:00:32","modified_gmt":"2024-06-27T13:00:32","slug":"alcool-causa-26-milhoes-de-mortes-alerta-oms","status":"publish","type":"post","link":"https:\/\/iparaiba.com.br\/index.php\/2024\/06\/27\/alcool-causa-26-milhoes-de-mortes-alerta-oms\/","title":{"rendered":"\u00c1lcool causa 2,6 milh\u00f5es de mortes, alerta OMS"},"content":{"rendered":"<p>O consumo de \u00e1lcool \u00e9 respons\u00e1vel por 2,6 milh\u00f5es de mortes todos os anos no mundo \u2013 4,7% de todas as mortes no planeta. J\u00e1 o uso de drogas psicoativas responde por 600 mil mortes anualmente. Os n\u00fameros foram divulgados nesta ter\u00e7a-feira (25) pela Organiza\u00e7\u00e3o Mundial da Sa\u00fade (OMS).<img decoding=\"async\" src=\"https:\/\/agenciabrasil.ebc.com.br\/ebc.png?id=1601161&amp;o=node\" \/><img decoding=\"async\" src=\"https:\/\/agenciabrasil.ebc.com.br\/ebc.gif?id=1601161&amp;o=node\" \/><\/p>\n<p>Dados do Relat\u00f3rio Global sobre \u00c1lcool, Sa\u00fade e Tratamento de Transtornos por Uso de Subst\u00e2ncias mostram ainda que 2 milh\u00f5es de mortes por consumo de \u00e1lcool e 400 mil mortes por uso de drogas s\u00e3o registradas entre homens. O estudo tem como base informa\u00e7\u00f5es de sa\u00fade p\u00fablica referentes ao ano de 2019.<\/p>\n<p>A estimativa da OMS \u00e9 que 400 mil pessoas viviam com desordens relacionadas ao consumo de \u00e1lcool e ao uso de drogas nesse per\u00edodo, sendo 209 milh\u00f5es classificadas como dependentes de \u00e1lcool. A entidade destaca que o uso de subst\u00e2ncias prejudica severamente a sa\u00fade do indiv\u00edduo, aumentando o risco de doen\u00e7as cr\u00f4nicas e resultando em milh\u00f5es de mortes.<\/p>\n<p>\u201cColoca um fardo pesado sobre as fam\u00edlias e as comunidades, aumentando a exposi\u00e7\u00e3o a acidentes, les\u00f5es e viol\u00eancia\u201d, destacou o diretor-geral da OMS, Tedros Adhanom Ghebreyesus.<\/p>\n<p>\u201cPara construir uma sociedade mais saud\u00e1vel e mais equitativa, devemos comprometer-nos urgentemente com a\u00e7\u00f5es ousadas que reduzir as consequ\u00eancias negativas para a sa\u00fade e sociais do consumo de \u00e1lcool e tornar o tratamento para transtornos por uso de subst\u00e2ncias acess\u00edvel.\u201d<\/p>\n<p>O relat\u00f3rio destaca ainda a necessidade urgente de acelerar a\u00e7\u00f5es a n\u00edvel global para alcan\u00e7ar a meta estabelecida por meio dos Objetivos de Desenvolvimento Sustent\u00e1vel (ODS) de, at\u00e9 2030, reduzir o consumo de \u00e1lcool e drogas e ampliar o acesso a tratamento de qualidade para transtornos causados pelo uso de subst\u00e2ncias.<\/p>\n<h2>Preju\u00edzos \u00e0 sa\u00fade<\/h2>\n<p>De acordo com a OMS, a maioria\u00a0das mortes por consumo de \u00e1lcool ocorre na Europa e na \u00c1frica, sendo que as taxas de mortalidade por litro de \u00e1lcool consumido s\u00e3o mais elevadas em pa\u00edses de baixa renda e menores em pa\u00edses de alta renda.<\/p>\n<p>De todas as mortes atribu\u00eddas ao \u00e1lcool em 2019, cerca de 1,6 milh\u00f5es aconteceram por doen\u00e7as cr\u00f4nicas n\u00e3o transmiss\u00edveis, sendo 474 mil por doen\u00e7as cardiovasculares e 401 mil por c\u00e2ncer. Outras 724 mil foram decorrentes de ferimentos causados por acidentes de tr\u00e2nsito, automutila\u00e7\u00e3o e casos de viol\u00eancia.<\/p>\n<p>Por fim, 284 mortes foram associadas a doen\u00e7as cr\u00f4nicas transmiss\u00edveis. Segundo a entidade, foi demonstrado que o consumo de \u00e1lcool aumenta o risco de infec\u00e7\u00e3o por HIV em raz\u00e3o da maior probabilidade de sexo desprotegido, al\u00e9m de aumentar o risco de infec\u00e7\u00e3o e morte por tuberculose por suprimir uma ampla gama de respostas imunol\u00f3gicas.<\/p>\n<p>Os dados mostram que a maior propor\u00e7\u00e3o (13%) de mortes atribu\u00eddas ao \u00e1lcool, em 2019, foi registrada na faixa et\u00e1ria dos 20 aos 39 anos.<\/p>\n<p>Ag\u00eancia Brasil<\/p>\n","protected":false},"excerpt":{"rendered":"<p>O consumo de \u00e1lcool \u00e9 respons\u00e1vel por 2,6 milh\u00f5es de mortes todos os anos no mundo \u2013 4,7% de todas as mortes no planeta. J\u00e1 o uso de drogas psicoativas responde por 600 mil mortes anualmente. Os n\u00fameros foram divulgados nesta ter\u00e7a-feira (25) pela Organiza\u00e7\u00e3o Mundial da Sa\u00fade (OMS). Dados do Relat\u00f3rio Global sobre \u00c1lcool, &hellip;<\/p>\n","protected":false},"author":1,"featured_media":116651,"comment_status":"open","ping_status":"open","sticky":false,"template":"","format":"standard","meta":{"footnotes":""},"categories":[18],"tags":[],"class_list":["post-122212","post","type-post","status-publish","format-standard","has-post-thumbnail","hentry","category-brasil"],"_links":{"self":[{"href":"https:\/\/iparaiba.com.br\/index.php\/wp-json\/wp\/v2\/posts\/122212","targetHints":{"allow":["GET"]}}],"collection":[{"href":"https:\/\/iparaiba.com.br\/index.php\/wp-json\/wp\/v2\/posts"}],"about":[{"href":"https:\/\/iparaiba.com.br\/index.php\/wp-json\/wp\/v2\/types\/post"}],"author":[{"embeddable":true,"href":"https:\/\/iparaiba.com.br\/index.php\/wp-json\/wp\/v2\/users\/1"}],"replies":[{"embeddable":true,"href":"https:\/\/iparaiba.com.br\/index.php\/wp-json\/wp\/v2\/comments?post=122212"}],"version-history":[{"count":1,"href":"https:\/\/iparaiba.com.br\/index.php\/wp-json\/wp\/v2\/posts\/122212\/revisions"}],"predecessor-version":[{"id":122236,"href":"https:\/\/iparaiba.com.br\/index.php\/wp-json\/wp\/v2\/posts\/122212\/revisions\/122236"}],"wp:featuredmedia":[{"embeddable":true,"href":"https:\/\/iparaiba.com.br\/index.php\/wp-json\/wp\/v2\/media\/116651"}],"wp:attachment":[{"href":"https:\/\/iparaiba.com.br\/index.php\/wp-json\/wp\/v2\/media?parent=122212"}],"wp:term":[{"taxonomy":"category","embeddable":true,"href":"https:\/\/iparaiba.com.br\/index.php\/wp-json\/wp\/v2\/categories?post=122212"},{"taxonomy":"post_tag","embeddable":true,"href":"https:\/\/iparaiba.com.br\/index.php\/wp-json\/wp\/v2\/tags?post=122212"}],"curies":[{"name":"wp","href":"https:\/\/api.w.org\/{rel}","templated":true}]}}