{"id":122210,"date":"2024-06-27T06:00:22","date_gmt":"2024-06-27T09:00:22","guid":{"rendered":"https:\/\/onordeste.com.br\/?p=122208"},"modified":"2024-06-27T06:00:22","modified_gmt":"2024-06-27T09:00:22","slug":"meta-e-reduzir-fila-da-previdencia-para-30-dias","status":"publish","type":"post","link":"https:\/\/iparaiba.com.br\/index.php\/2024\/06\/27\/meta-e-reduzir-fila-da-previdencia-para-30-dias\/","title":{"rendered":"Meta \u00e9 reduzir fila da Previd\u00eancia para 30 dias"},"content":{"rendered":"<p>O ministro da Previd\u00eancia Social, Carlos Lupi, disse que parceria com trabalhadores estimula a efici\u00eancia da pasta federal e o acesso \u00e0 cidadania. Em Bras\u00edlia (DF), o gestor participou da segunda edi\u00e7\u00e3o do Encontro Nacional de Lideran\u00e7as Papeleiras, que re\u00fane trabalhadores do setor de papel e celulose.<\/p>\n<p>Ao mencionar a representatividade da categoria, Lupi relatou a import\u00e2ncia da seguridade para progresso socialmente respons\u00e1vel do pa\u00eds.<\/p>\n<p>\u201c\u00c9 um papel fundamental de todos voc\u00eas para o equil\u00edbrio ecol\u00f3gico e para a gera\u00e7\u00e3o de renda para milh\u00f5es de brasileiros. Por isso, \u00e9 uma luta justa para fortalecer a categoria\u201d, afirmou, acompanhado do diretor da Secretaria de Regime Geral, Benedito Brunca.<\/p>\n<p>\u201cN\u00e3o existe f\u00f3rmula mais inteligente de distribuir renda do que o sal\u00e1rio. E a Previd\u00eancia Social paga mensalmente mais de R$ 66 bilh\u00f5es, que garantem a sobreviv\u00eancia de mais de 40 milh\u00f5es de brasileiros e a manuten\u00e7\u00e3o de cerca de 60% dos munic\u00edpios\u201d, completou.<\/p>\n<p>Lupi pontuou ainda que o investimento em infraestrutura e servidores, al\u00e9m do aprimoramento de sistemas e rotinas, permitiu um ganho exponencial de qualidade na efetiva\u00e7\u00e3o de benef\u00edcios pelo INSS e pela Per\u00edcia M\u00e9dica Federal, como aposentadoria, pens\u00e3o, aux\u00edlio-doen\u00e7a e benef\u00edcio assistencial.<\/p>\n<h4><strong>\u201cA cada m\u00eas, em m\u00e9dia, s\u00e3o mais de 800 mil novas solicita\u00e7\u00f5es conclu\u00eddas em um prazo inferior a 40 dias. At\u00e9 dezembro, a meta \u00e9 30 dias\u201d, afirmou Lupi, citando a amplia\u00e7\u00e3o da plataforma Atestmed e do programa de teleper\u00edcia.<\/strong><\/h4>\n<p>Segundo informa\u00e7\u00e3o prestada pelo Instituto Nacional de Seguridade Social (INSS) a comiss\u00e3o do Senado, o tempo de espera era de 79 dias, em m\u00e9dia, em novembro de 2022, antes do in\u00edcio do atual governo.<\/p>\n<p>Com a presen\u00e7a do secret\u00e1rio-executivo do Trabalho e Emprego, Francisco Macena, e do deputado estadual M\u00e1rcio Nakashima, do presidente do Servi\u00e7o Social da Ind\u00fastria do Papel, Papel\u00e3o e Corti\u00e7a do Estado de S\u00e3o Paulo (Sepaco), Jer\u00f4nimo Jos\u00e9, do presidente da CUT, S\u00e9rgio Nobre, do secret\u00e1rio de Assuntos Jur\u00eddicos da Central, Valeir Ertle, o evento promover\u00e1 at\u00e9 amanh\u00e3 (26), uma s\u00e9rie de pain\u00e9is sobre previd\u00eancia; trabalho; sa\u00fade e seguran\u00e7a; sustentabilidade e comunica\u00e7\u00e3o.<\/p>\n<p><em><strong>Por Minist\u00e9rio da Previd\u00eancia Social<\/strong><\/em><\/p>\n","protected":false},"excerpt":{"rendered":"<p>O ministro da Previd\u00eancia Social, Carlos Lupi, disse que parceria com trabalhadores estimula a efici\u00eancia da pasta federal e o acesso \u00e0 cidadania. Em Bras\u00edlia (DF), o gestor participou da segunda edi\u00e7\u00e3o do Encontro Nacional de Lideran\u00e7as Papeleiras, que re\u00fane trabalhadores do setor de papel e celulose. Ao mencionar a representatividade da categoria, Lupi relatou &hellip;<\/p>\n","protected":false},"author":1,"featured_media":97530,"comment_status":"open","ping_status":"open","sticky":false,"template":"","format":"standard","meta":{"footnotes":""},"categories":[18],"tags":[],"class_list":["post-122210","post","type-post","status-publish","format-standard","has-post-thumbnail","hentry","category-brasil"],"_links":{"self":[{"href":"https:\/\/iparaiba.com.br\/index.php\/wp-json\/wp\/v2\/posts\/122210","targetHints":{"allow":["GET"]}}],"collection":[{"href":"https:\/\/iparaiba.com.br\/index.php\/wp-json\/wp\/v2\/posts"}],"about":[{"href":"https:\/\/iparaiba.com.br\/index.php\/wp-json\/wp\/v2\/types\/post"}],"author":[{"embeddable":true,"href":"https:\/\/iparaiba.com.br\/index.php\/wp-json\/wp\/v2\/users\/1"}],"replies":[{"embeddable":true,"href":"https:\/\/iparaiba.com.br\/index.php\/wp-json\/wp\/v2\/comments?post=122210"}],"version-history":[{"count":1,"href":"https:\/\/iparaiba.com.br\/index.php\/wp-json\/wp\/v2\/posts\/122210\/revisions"}],"predecessor-version":[{"id":122234,"href":"https:\/\/iparaiba.com.br\/index.php\/wp-json\/wp\/v2\/posts\/122210\/revisions\/122234"}],"wp:featuredmedia":[{"embeddable":true,"href":"https:\/\/iparaiba.com.br\/index.php\/wp-json\/wp\/v2\/media\/97530"}],"wp:attachment":[{"href":"https:\/\/iparaiba.com.br\/index.php\/wp-json\/wp\/v2\/media?parent=122210"}],"wp:term":[{"taxonomy":"category","embeddable":true,"href":"https:\/\/iparaiba.com.br\/index.php\/wp-json\/wp\/v2\/categories?post=122210"},{"taxonomy":"post_tag","embeddable":true,"href":"https:\/\/iparaiba.com.br\/index.php\/wp-json\/wp\/v2\/tags?post=122210"}],"curies":[{"name":"wp","href":"https:\/\/api.w.org\/{rel}","templated":true}]}}