{"id":122209,"date":"2024-06-26T18:51:07","date_gmt":"2024-06-26T21:51:07","guid":{"rendered":"https:\/\/onordeste.com.br\/?p=122206"},"modified":"2024-06-26T18:51:07","modified_gmt":"2024-06-26T21:51:07","slug":"pe-de-meia-pagamento-da-4a-parcela","status":"publish","type":"post","link":"https:\/\/iparaiba.com.br\/index.php\/2024\/06\/26\/pe-de-meia-pagamento-da-4a-parcela\/","title":{"rendered":"P\u00e9-de-Meia: pagamento da 4\u00aa parcela"},"content":{"rendered":"<p style=\"font-weight: 600;\"><span data-contrast=\"auto\">O\u00a0s estudantes da rede p\u00fablica beneficiados pelo P\u00e9-de-Meia, a poupan\u00e7a do ensino m\u00e9dio, come\u00e7ar\u00e3o a receber a quarta parcela do incentivo\u00a0,\u00a0de\u00a0R$ 200\u00a0,\u00a0a partir desta\u00a0quarta-feira, 26 de junho. O pagamento \u00e9 referente \u00e0 frequ\u00eancia \u00e0s aulas no m\u00eas de abril.\u00a0At\u00e9 1\u00ba de julho, o valor do incentivo ser\u00e1 disponibilizado para os estudantes na conta aberta pela Caixa Econ\u00f4mica Federal. Em caso de d\u00favidas, basta acessar os canais digitais do\u00a0<\/span><b><a href=\"https:\/\/www.gov.br\/mec\/pt-br\/pe-de-meia\"><span data-contrast=\"none\">Minist\u00e9rio da Educa\u00e7\u00e3o (MEC)\u00a0<\/span><\/a><\/b><span data-contrast=\"auto\">ou o aplicativo\u00a0<\/span><b><a href=\"https:\/\/www.gov.br\/mec\/pt-br\/jornadadoestudante\"><span data-contrast=\"none\">Jornada do Estudante\u00a0<\/span><\/a><\/b><span data-contrast=\"auto\">.<\/span><\/p>\n<p style=\"font-weight: 600;\"><b><strong><span data-contrast=\"auto\">Confira\u202fo\u202fcronograma\u202fde\u202fpagamento da quarta parcela:<\/span><\/strong><\/b><\/p>\n<table style=\"font-weight: 400;\" data-tablelook=\"1696\" data-tablestyle=\"MsoTableGrid\">\n<tbody>\n<tr>\n<td data-celllook=\"0\">\n<p style=\"font-weight: 600;\">Data\u202fde\u202fpagamento<\/p>\n<\/td>\n<td data-celllook=\"0\">\n<p style=\"font-weight: 600;\">M\u00eas\u202fde\u202fnascimento\u202fdo estudante<\/p>\n<\/td>\n<\/tr>\n<tr>\n<td data-celllook=\"0\">\n<p style=\"font-weight: 600;\">26 de junho<\/p>\n<\/td>\n<td data-celllook=\"0\">\n<p style=\"font-weight: 600;\">Janeiro, fevereiro\u202fe mar\u00e7o<\/p>\n<\/td>\n<\/tr>\n<tr>\n<td data-celllook=\"0\">\n<p style=\"font-weight: 600;\">27 de junho<\/p>\n<\/td>\n<td data-celllook=\"0\">\n<p style=\"font-weight: 600;\">Abril, maio e junho<\/p>\n<\/td>\n<\/tr>\n<tr>\n<td data-celllook=\"0\">\n<p style=\"font-weight: 600;\">28 de junho<\/p>\n<\/td>\n<td data-celllook=\"0\">\n<p style=\"font-weight: 600;\">Julho, agosto e setembro<\/p>\n<\/td>\n<\/tr>\n<tr>\n<td data-celllook=\"0\">\n<p style=\"font-weight: 600;\">1\u00ba de julho<\/p>\n<\/td>\n<td data-celllook=\"0\">\n<p style=\"font-weight: 600;\">Outubro, novembro e dezembro<\/p>\n<\/td>\n<\/tr>\n<\/tbody>\n<\/table>\n<p style=\"font-weight: 600;\">Os\u202fdep\u00f3sitos do P\u00e9-de-Meia s\u00e3o feitos\u202fem\u202fcontas digitais abertas automaticamente pela\u202fCaixa\u202fEcon\u00f4mica Federal\u202fem nome\u202fdos participantes do programa.\u202fCaso o aluno contemplado seja menor\u202fde\u202fidade,\u202fpara\u202fmovimentar a conta, sacar o\u202fdinheiro ou utilizar\u202fo aplicativo\u00a0<a href=\"https:\/\/www.e-contacaixa.gov.br\/caixatem\/Paginas\/default.aspx\">Caixa\u202fTem\u00a0<\/a>,\u202f\u00e9\u202fnecess\u00e1rio que o respons\u00e1vel legal realize o consentimento\u202fe\u202fautorize\u202fo estudante\u202fa\u202fmovimentar\u202fa\u202fconta. Esse consentimento pode ser\u202ffeito pelo aplicativo Caixa Tem ou em uma ag\u00eancia banc\u00e1ria da Caixa.\u202fSe\u202fo aluno tiver\u202f18 anos ou mais, a conta j\u00e1 estar\u00e1\u202fdesbloqueada\u202fpara utiliza\u00e7\u00e3o do valor recebido.<\/p>\n<p style=\"font-weight: 600;\">P\u00e9-de-Meia\u00a0\u2013 Institu\u00eddo pela\u202fLei\u202fn\u00ba\u202f14.818\/2024, o\u202fP\u00e9-de-Meia\u202f\u00e9 um programa\u202fde\u202fincentivo financeiro-educacional, na modalidade\u202fde\u202fpoupan\u00e7a,\u202fdestinado a promover a perman\u00eancia e a conclus\u00e3o escolar\u202fde\u202fpessoas\u202fmatriculadas no ensino m\u00e9dio p\u00fablico.\u202fSeu objetivo \u00e9\u202fdemocratizar o acesso e reduzir a\u202fdesigualdade\u202fsocial entre os jovens do ensino m\u00e9dio, al\u00e9m\u202fde\u202fpromover mais inclus\u00e3o social pela educa\u00e7\u00e3o, estimulando a mobilidade\u202fsocial.\u202fOs estados, o Distrito Federal e os munic\u00edpios prestam as informa\u00e7\u00f5es necess\u00e1rias \u00e0 execu\u00e7\u00e3o do\u202fincentivo, a fim\u202fde\u202fpossibilitar o acesso\u202fa ele para\u202fos estudantes matriculados nas respectivas redes\u202fde\u202fensino.<\/p>\n<p style=\"font-weight: 600;\">O programa\u202fprev\u00ea o pagamento\u202fde\u202fincentivo mensal\u202fde\u202fR$ 200, que pode\u202fser sacado a qualquer momento, al\u00e9m dos\u202fdep\u00f3sitos\u202fde\u202fmil reais\u202fao final\u202fde\u202fcada ano conclu\u00eddo, que s\u00f3 poder\u00e3o ser retirados da poupan\u00e7a ap\u00f3s a conclus\u00e3o do\u202fensino\u202fm\u00e9dio. Considerando as\u202fdez parcelas\u202fde\u202fincentivo, os\u202fdep\u00f3sitos anuais e o adicional\u202fde\u202fR$ 200 pela participa\u00e7\u00e3o no Exame Nacional do Ensino M\u00e9dio (Enem), os valores podem chegar a R$ 9.200 por aluno.<\/p>\n<p style=\"font-weight: 600;\"><b><strong><em><span data-contrast=\"auto\">Por Minist\u00e9rio da Educa\u00e7\u00e3o e Secretaria de Educa\u00e7\u00e3o B\u00e1sica<\/span><\/em><\/strong><\/b><\/p>\n","protected":false},"excerpt":{"rendered":"<p>O\u00a0s estudantes da rede p\u00fablica beneficiados pelo P\u00e9-de-Meia, a poupan\u00e7a do ensino m\u00e9dio, come\u00e7ar\u00e3o a receber a quarta parcela do incentivo\u00a0,\u00a0de\u00a0R$ 200\u00a0,\u00a0a partir desta\u00a0quarta-feira, 26 de junho. O pagamento \u00e9 referente \u00e0 frequ\u00eancia \u00e0s aulas no m\u00eas de abril.\u00a0At\u00e9 1\u00ba de julho, o valor do incentivo ser\u00e1 disponibilizado para os estudantes na conta aberta pela &hellip;<\/p>\n","protected":false},"author":1,"featured_media":109083,"comment_status":"open","ping_status":"open","sticky":false,"template":"","format":"standard","meta":{"footnotes":""},"categories":[11],"tags":[],"class_list":["post-122209","post","type-post","status-publish","format-standard","has-post-thumbnail","hentry","category-educacao"],"_links":{"self":[{"href":"https:\/\/iparaiba.com.br\/index.php\/wp-json\/wp\/v2\/posts\/122209","targetHints":{"allow":["GET"]}}],"collection":[{"href":"https:\/\/iparaiba.com.br\/index.php\/wp-json\/wp\/v2\/posts"}],"about":[{"href":"https:\/\/iparaiba.com.br\/index.php\/wp-json\/wp\/v2\/types\/post"}],"author":[{"embeddable":true,"href":"https:\/\/iparaiba.com.br\/index.php\/wp-json\/wp\/v2\/users\/1"}],"replies":[{"embeddable":true,"href":"https:\/\/iparaiba.com.br\/index.php\/wp-json\/wp\/v2\/comments?post=122209"}],"version-history":[{"count":1,"href":"https:\/\/iparaiba.com.br\/index.php\/wp-json\/wp\/v2\/posts\/122209\/revisions"}],"predecessor-version":[{"id":122233,"href":"https:\/\/iparaiba.com.br\/index.php\/wp-json\/wp\/v2\/posts\/122209\/revisions\/122233"}],"wp:featuredmedia":[{"embeddable":true,"href":"https:\/\/iparaiba.com.br\/index.php\/wp-json\/wp\/v2\/media\/109083"}],"wp:attachment":[{"href":"https:\/\/iparaiba.com.br\/index.php\/wp-json\/wp\/v2\/media?parent=122209"}],"wp:term":[{"taxonomy":"category","embeddable":true,"href":"https:\/\/iparaiba.com.br\/index.php\/wp-json\/wp\/v2\/categories?post=122209"},{"taxonomy":"post_tag","embeddable":true,"href":"https:\/\/iparaiba.com.br\/index.php\/wp-json\/wp\/v2\/tags?post=122209"}],"curies":[{"name":"wp","href":"https:\/\/api.w.org\/{rel}","templated":true}]}}