{"id":122208,"date":"2024-06-26T16:00:10","date_gmt":"2024-06-26T19:00:10","guid":{"rendered":"https:\/\/onordeste.com.br\/?p=122204"},"modified":"2024-06-26T16:00:10","modified_gmt":"2024-06-26T19:00:10","slug":"detran-promove-novo-leilao-com-300-veiculos","status":"publish","type":"post","link":"https:\/\/iparaiba.com.br\/index.php\/2024\/06\/26\/detran-promove-novo-leilao-com-300-veiculos\/","title":{"rendered":"Detran promove novo leil\u00e3o com 300 ve\u00edculos"},"content":{"rendered":"<p>O Departamento Estadual de Tr\u00e2nsito da Para\u00edba (Detran-PB) realiza, nos dias 1 e 2 de julho, a partir das 8h, dois novos leil\u00f5es eletr\u00f4nicos, com 300 ve\u00edculos apreendidos e n\u00e3o resgatados, que se encontram nos p\u00e1tios da sede do \u00f3rg\u00e3o e do Batalh\u00e3o de Policiamento de Tr\u00e2nsito (BPTran), na capital.<\/p>\n<p>Os eventos, exclusivamente na modalidade on-line, v\u00e3o disponibilizar ve\u00edculos classificados como conservados e como sucatas aproveit\u00e1veis, apreendidos e removidos aos p\u00e1tios por circularem em desacordo com o que disciplina o C\u00f3digo de Tr\u00e2nsito Brasileiro (CTB).<\/p>\n<p>De acordo com os Editais n\u00bas 26 e 27 de 2024, os eventos ser\u00e3o realizados por leiloeiro oficial, por meio do site\u00a0<a href=\"http:\/\/www.maglianoleiloes.com.br\/\">www.maglianoleiloes.com.br<\/a>, onde j\u00e1 se encontram as imagens dos ve\u00edculos para visita\u00e7\u00e3o virtual e oferta de lances. A transmiss\u00e3o dos dados desses bens ocorrer\u00e1 de forma eletr\u00f4nica, sem uso de papel. O pagamento das despesas previstas em lei tamb\u00e9m ser\u00e1 autom\u00e1tico, proporcionando mais seguran\u00e7a e transpar\u00eancia a todo o processo.<\/p>\n<p>Para participar do leil\u00e3o de forma on-line basta acessar o site indicado, realizar o cadastro e ofertar seus lances via internet, acompanhando os lances de terceiros. Ainda de acordo com os editais, o valor m\u00ednimo de venda do ve\u00edculo deve ser igual ou maior que o valor da avalia\u00e7\u00e3o.<\/p>\n<p>Tanto pessoa f\u00edsica quanto jur\u00eddica podem participar do leil\u00e3o, desde que preencham os requisitos contidos nos editais, dispon\u00edveis no site\u00a0<a href=\"http:\/\/www.detran.pb.gov.br\/\">www.detran.pb.gov.br<\/a>. Para visualizar, basta entrar no \u00edcone \u2018LEIL\u00c3O\u2019, depois clicar em \u2018Leil\u00f5es 2024\u2019 e, em seguida, escolher qual deseja consultar, de acordo com os n\u00fameros dos editais.<\/p>\n<p><b>Visita\u00e7\u00e3o presencial &#8211;\u00a0<\/b>Segundo o presidente da Comiss\u00e3o de Leil\u00e3o do Detran-PB, Rafael Miranda, tamb\u00e9m ser\u00e1 poss\u00edvel a visita\u00e7\u00e3o para inspe\u00e7\u00e3o visual dos ve\u00edculos. De acordo com os editais, essa visita presencial dever\u00e1 ser feita entre os dias 25 (pr\u00f3xima ter\u00e7a-feira) e 28 (pr\u00f3xima sexta-feira) deste m\u00eas, das 8h \u00e0s 11h e das 14h \u00e0s 16h, nos seguintes endere\u00e7os:<\/p>\n<ul>\n<li>Rua Em\u00edlia Batista Celane, S\/N, Mangabeira VII, Jo\u00e3o Pessoa-PB (Sede do Detran);<\/li>\n<li>Rua Sizenando Costa, S\/N, R\u00f3ger, Jo\u00e3o Pessoa-PB (sede do BPTran).<\/li>\n<\/ul>\n","protected":false},"excerpt":{"rendered":"<p>O Departamento Estadual de Tr\u00e2nsito da Para\u00edba (Detran-PB) realiza, nos dias 1 e 2 de julho, a partir das 8h, dois novos leil\u00f5es eletr\u00f4nicos, com 300 ve\u00edculos apreendidos e n\u00e3o resgatados, que se encontram nos p\u00e1tios da sede do \u00f3rg\u00e3o e do Batalh\u00e3o de Policiamento de Tr\u00e2nsito (BPTran), na capital. Os eventos, exclusivamente na modalidade &hellip;<\/p>\n","protected":false},"author":1,"featured_media":110597,"comment_status":"open","ping_status":"open","sticky":false,"template":"","format":"standard","meta":{"footnotes":""},"categories":[15],"tags":[],"class_list":["post-122208","post","type-post","status-publish","format-standard","has-post-thumbnail","hentry","category-links"],"_links":{"self":[{"href":"https:\/\/iparaiba.com.br\/index.php\/wp-json\/wp\/v2\/posts\/122208","targetHints":{"allow":["GET"]}}],"collection":[{"href":"https:\/\/iparaiba.com.br\/index.php\/wp-json\/wp\/v2\/posts"}],"about":[{"href":"https:\/\/iparaiba.com.br\/index.php\/wp-json\/wp\/v2\/types\/post"}],"author":[{"embeddable":true,"href":"https:\/\/iparaiba.com.br\/index.php\/wp-json\/wp\/v2\/users\/1"}],"replies":[{"embeddable":true,"href":"https:\/\/iparaiba.com.br\/index.php\/wp-json\/wp\/v2\/comments?post=122208"}],"version-history":[{"count":1,"href":"https:\/\/iparaiba.com.br\/index.php\/wp-json\/wp\/v2\/posts\/122208\/revisions"}],"predecessor-version":[{"id":122232,"href":"https:\/\/iparaiba.com.br\/index.php\/wp-json\/wp\/v2\/posts\/122208\/revisions\/122232"}],"wp:featuredmedia":[{"embeddable":true,"href":"https:\/\/iparaiba.com.br\/index.php\/wp-json\/wp\/v2\/media\/110597"}],"wp:attachment":[{"href":"https:\/\/iparaiba.com.br\/index.php\/wp-json\/wp\/v2\/media?parent=122208"}],"wp:term":[{"taxonomy":"category","embeddable":true,"href":"https:\/\/iparaiba.com.br\/index.php\/wp-json\/wp\/v2\/categories?post=122208"},{"taxonomy":"post_tag","embeddable":true,"href":"https:\/\/iparaiba.com.br\/index.php\/wp-json\/wp\/v2\/tags?post=122208"}],"curies":[{"name":"wp","href":"https:\/\/api.w.org\/{rel}","templated":true}]}}