{"id":122207,"date":"2024-06-26T14:00:15","date_gmt":"2024-06-26T17:00:15","guid":{"rendered":"https:\/\/onordeste.com.br\/?p=122202"},"modified":"2024-06-26T14:00:15","modified_gmt":"2024-06-26T17:00:15","slug":"jogos-escolares-e-paraescolares-etapa-de-joao-pessoa-esta-com-inscricoes-abertas","status":"publish","type":"post","link":"https:\/\/iparaiba.com.br\/index.php\/2024\/06\/26\/jogos-escolares-e-paraescolares-etapa-de-joao-pessoa-esta-com-inscricoes-abertas\/","title":{"rendered":"Jogos Escolares e Paraescolares etapa de Jo\u00e3o Pessoa est\u00e1 com inscri\u00e7\u00f5es abertas"},"content":{"rendered":"<p>Est\u00e3o abertas, at\u00e9 o dia 19 de julho, as inscri\u00e7\u00f5es para a etapa de Jo\u00e3o Pessoa dos Jogos Escolares e Paraescolares na categoria de 15 a 17 anos. A escola interessada em participar do evento deve encaminhar of\u00edcio \u00e0 Ger\u00eancia do Desporto F\u00edsico da Secretaria de Estado da Juventude, Esporte e Lazer (Sejel), com a solicita\u00e7\u00e3o da inscri\u00e7\u00e3o devidamente assinada pelo diretor da institui\u00e7\u00e3o.<\/p>\n<p>O per\u00edodo de realiza\u00e7\u00e3o do evento ser\u00e1 de 5 a 25 do m\u00eas de agosto, onde os vencedores, garantem a classifica\u00e7\u00e3o para a fase final, que qualificar\u00e1 para os Jogos da Juventude, que neste ano de 2024, ocorrer\u00e3o em Jo\u00e3o Pessoa. \u201cA categoria de 12 a 14 anos j\u00e1 foi toda encerrada e, agora, as aten\u00e7\u00f5es est\u00e3o voltadas para a organiza\u00e7\u00e3o dessa etapa que envolve os atletas de 15 a 17\u201d, frisou Jos\u00e9 Hugo, coordenador-geral.<\/p>\n<p>O secret\u00e1rio Lindolfo Pires, titular da Sejel, enfatizou a aten\u00e7\u00e3o que o Governo do Estado d\u00e1 ao desporto escolar. \u201cO Governo busca fazer crescer, cada vez mais, o desporto escolar na Para\u00edba, tanto \u00e9 que, Jo\u00e3o Pessoa, ser\u00e1 a sede dos Jogos da Juventude, onde justamente envolver\u00e3o atletas dessa categoria abaixo de 17 anos de todo o Brasil\u201d, ressaltou.<\/p>\n<p>\u201cNo que diz respeito aos Jogos Escolares e Paraescolareas, a outra categoria j\u00e1 foi devidamente encerrada com sucesso, onde agora, os melhores representar\u00e3o o estado nos Jogos Escolares Brasileiros (JEBs), em setembro na regi\u00e3o metropolitana do Recife (PE). E agora o trabalho est\u00e1 focado para essa outra categoria\u201d, concluiu o secret\u00e1rio.<\/p>\n","protected":false},"excerpt":{"rendered":"<p>Est\u00e3o abertas, at\u00e9 o dia 19 de julho, as inscri\u00e7\u00f5es para a etapa de Jo\u00e3o Pessoa dos Jogos Escolares e Paraescolares na categoria de 15 a 17 anos. A escola interessada em participar do evento deve encaminhar of\u00edcio \u00e0 Ger\u00eancia do Desporto F\u00edsico da Secretaria de Estado da Juventude, Esporte e Lazer (Sejel), com a &hellip;<\/p>\n","protected":false},"author":1,"featured_media":116544,"comment_status":"open","ping_status":"open","sticky":false,"template":"","format":"standard","meta":{"footnotes":""},"categories":[6],"tags":[],"class_list":["post-122207","post","type-post","status-publish","format-standard","has-post-thumbnail","hentry","category-destaques"],"_links":{"self":[{"href":"https:\/\/iparaiba.com.br\/index.php\/wp-json\/wp\/v2\/posts\/122207","targetHints":{"allow":["GET"]}}],"collection":[{"href":"https:\/\/iparaiba.com.br\/index.php\/wp-json\/wp\/v2\/posts"}],"about":[{"href":"https:\/\/iparaiba.com.br\/index.php\/wp-json\/wp\/v2\/types\/post"}],"author":[{"embeddable":true,"href":"https:\/\/iparaiba.com.br\/index.php\/wp-json\/wp\/v2\/users\/1"}],"replies":[{"embeddable":true,"href":"https:\/\/iparaiba.com.br\/index.php\/wp-json\/wp\/v2\/comments?post=122207"}],"version-history":[{"count":1,"href":"https:\/\/iparaiba.com.br\/index.php\/wp-json\/wp\/v2\/posts\/122207\/revisions"}],"predecessor-version":[{"id":122231,"href":"https:\/\/iparaiba.com.br\/index.php\/wp-json\/wp\/v2\/posts\/122207\/revisions\/122231"}],"wp:featuredmedia":[{"embeddable":true,"href":"https:\/\/iparaiba.com.br\/index.php\/wp-json\/wp\/v2\/media\/116544"}],"wp:attachment":[{"href":"https:\/\/iparaiba.com.br\/index.php\/wp-json\/wp\/v2\/media?parent=122207"}],"wp:term":[{"taxonomy":"category","embeddable":true,"href":"https:\/\/iparaiba.com.br\/index.php\/wp-json\/wp\/v2\/categories?post=122207"},{"taxonomy":"post_tag","embeddable":true,"href":"https:\/\/iparaiba.com.br\/index.php\/wp-json\/wp\/v2\/tags?post=122207"}],"curies":[{"name":"wp","href":"https:\/\/api.w.org\/{rel}","templated":true}]}}