{"id":122205,"date":"2024-06-26T10:00:59","date_gmt":"2024-06-26T13:00:59","guid":{"rendered":"https:\/\/onordeste.com.br\/?p=122198"},"modified":"2024-06-26T10:00:59","modified_gmt":"2024-06-26T13:00:59","slug":"pf-combate-abuso-sexual-infantojuvenil","status":"publish","type":"post","link":"https:\/\/iparaiba.com.br\/index.php\/2024\/06\/26\/pf-combate-abuso-sexual-infantojuvenil\/","title":{"rendered":"PF combate abuso sexual infantojuvenil"},"content":{"rendered":"<p><strong>S\u00e3o Mateus\/ES<\/strong>. A Pol\u00edcia Federal cumpriu mandado de busca e apreens\u00e3o expedido pela 3\u00aa Vara Criminal de S\u00e3o Mateus\/ES, para combate ao crime de compartilhamento e armazenamento de conte\u00fado de abuso sexual infantojuvenil pela internet.<\/p>\n<p>Durante o cumprimento do mandado, um homem foi preso por armazenar imagens de abuso sexual infantojuvenil. Foram apreendidos um celular, um HD e um dispositivo de armazenamento de dados, que ser\u00e3o encaminhados \u00e0 per\u00edcia e analisados para aprofundar as investiga\u00e7\u00f5es e identificar outros eventuais part\u00edcipes do crime com atua\u00e7\u00e3o criminona na internet.<\/p>\n<p>O investigado poder\u00e1 responder pelos crimes de produ\u00e7\u00e3o, divulga\u00e7\u00e3o, posse ou armazenamento de material\u00a0 envolvendo abuso sexual de crian\u00e7as e adolescentes.<\/p>\n<p><em>Comunica\u00e7\u00e3o Social da Superintend\u00eancia de Pol\u00edcia Federal no Esp\u00edrito Santo<\/em><\/p>\n","protected":false},"excerpt":{"rendered":"<p>S\u00e3o Mateus\/ES. A Pol\u00edcia Federal cumpriu mandado de busca e apreens\u00e3o expedido pela 3\u00aa Vara Criminal de S\u00e3o Mateus\/ES, para combate ao crime de compartilhamento e armazenamento de conte\u00fado de abuso sexual infantojuvenil pela internet. Durante o cumprimento do mandado, um homem foi preso por armazenar imagens de abuso sexual infantojuvenil. Foram apreendidos um celular, &hellip;<\/p>\n","protected":false},"author":1,"featured_media":108842,"comment_status":"open","ping_status":"open","sticky":false,"template":"","format":"standard","meta":{"footnotes":""},"categories":[13],"tags":[],"class_list":["post-122205","post","type-post","status-publish","format-standard","has-post-thumbnail","hentry","category-policial"],"_links":{"self":[{"href":"https:\/\/iparaiba.com.br\/index.php\/wp-json\/wp\/v2\/posts\/122205","targetHints":{"allow":["GET"]}}],"collection":[{"href":"https:\/\/iparaiba.com.br\/index.php\/wp-json\/wp\/v2\/posts"}],"about":[{"href":"https:\/\/iparaiba.com.br\/index.php\/wp-json\/wp\/v2\/types\/post"}],"author":[{"embeddable":true,"href":"https:\/\/iparaiba.com.br\/index.php\/wp-json\/wp\/v2\/users\/1"}],"replies":[{"embeddable":true,"href":"https:\/\/iparaiba.com.br\/index.php\/wp-json\/wp\/v2\/comments?post=122205"}],"version-history":[{"count":1,"href":"https:\/\/iparaiba.com.br\/index.php\/wp-json\/wp\/v2\/posts\/122205\/revisions"}],"predecessor-version":[{"id":122229,"href":"https:\/\/iparaiba.com.br\/index.php\/wp-json\/wp\/v2\/posts\/122205\/revisions\/122229"}],"wp:featuredmedia":[{"embeddable":true,"href":"https:\/\/iparaiba.com.br\/index.php\/wp-json\/wp\/v2\/media\/108842"}],"wp:attachment":[{"href":"https:\/\/iparaiba.com.br\/index.php\/wp-json\/wp\/v2\/media?parent=122205"}],"wp:term":[{"taxonomy":"category","embeddable":true,"href":"https:\/\/iparaiba.com.br\/index.php\/wp-json\/wp\/v2\/categories?post=122205"},{"taxonomy":"post_tag","embeddable":true,"href":"https:\/\/iparaiba.com.br\/index.php\/wp-json\/wp\/v2\/tags?post=122205"}],"curies":[{"name":"wp","href":"https:\/\/api.w.org\/{rel}","templated":true}]}}