{"id":122180,"date":"2024-06-17T14:39:56","date_gmt":"2024-06-17T17:39:56","guid":{"rendered":"https:\/\/onordeste.com.br\/?p=122139"},"modified":"2024-06-17T14:39:56","modified_gmt":"2024-06-17T17:39:56","slug":"instituicoes-publicas-apresentam-iniciativas-de-consumo-consciente-em-conferencia-sobre-sustentabilidade","status":"publish","type":"post","link":"https:\/\/iparaiba.com.br\/index.php\/2024\/06\/17\/instituicoes-publicas-apresentam-iniciativas-de-consumo-consciente-em-conferencia-sobre-sustentabilidade\/","title":{"rendered":"Institui\u00e7\u00f5es p\u00fablicas apresentam iniciativas de consumo consciente em confer\u00eancia sobre sustentabilidade"},"content":{"rendered":"<p>O Instituto Serzedello Corr\u00eaa (ISC) promoveu o <strong>debate &#8220;Plano de Log\u00edstica Sustent\u00e1vel: Avan\u00e7os e Perspectivas&#8221;<\/strong>, como parte da 4\u00aa Confer\u00eancia Nacional de Sustentabilidade do Poder Legislativo. O debate, organizado pela Rede Legislativo Sustent\u00e1vel para celebrar o M\u00eas da Sustentabilidade, reuniu representantes de diversas institui\u00e7\u00f5es legislativas.<\/p>\n<p>O diretor de infraestrutura e coordenador do Comit\u00ea de Sustentabilidade da Assembleia Legislativa de Minas Gerais,\u00a0<strong>Anderson Moratori<\/strong>, foi um dos palestrantes convidados e compartilhou\u00a0<strong>estrat\u00e9gias que v\u00eam sendo adotadas no legislativo mineiro<\/strong>. Ele mencionou a redu\u00e7\u00e3o de 50% no tempo de irriga\u00e7\u00e3o dos jardins, reutiliza\u00e7\u00e3o da \u00e1gua de aparelhos de ar-condicionado e a instala\u00e7\u00e3o de medidores inteligentes para detectar vazamentos.<\/p>\n<p>Em rela\u00e7\u00e3o \u00e0 energia, a diretoria de infraestrutura fez a\u00a0<strong>substitui\u00e7\u00e3o total das l\u00e2mpadas\u00a0<\/strong>do pr\u00e9dio da Assembleia Legislativa de Minas por ilumina\u00e7\u00e3o em LED. Tamb\u00e9m instalou\u00a0<strong>pontos de abastecimento para carros h\u00edbridos<\/strong>\u00a0e a migrou para o mercado livre de energia, resultando em economia significativa. &#8220;Nos tr\u00eas primeiros meses ap\u00f3s a migra\u00e7\u00e3o, economizamos aproximadamente R$ 270 mil&#8221;, frisou Moratori.<\/p>\n","protected":false},"excerpt":{"rendered":"<p>O Instituto Serzedello Corr\u00eaa (ISC) promoveu o debate &#8220;Plano de Log\u00edstica Sustent\u00e1vel: Avan\u00e7os e Perspectivas&#8221;, como parte da 4\u00aa Confer\u00eancia Nacional de Sustentabilidade do Poder Legislativo. O debate, organizado pela Rede Legislativo Sustent\u00e1vel para celebrar o M\u00eas da Sustentabilidade, reuniu representantes de diversas institui\u00e7\u00f5es legislativas. O diretor de infraestrutura e coordenador do Comit\u00ea de Sustentabilidade &hellip;<\/p>\n","protected":false},"author":1,"featured_media":98348,"comment_status":"open","ping_status":"open","sticky":false,"template":"","format":"standard","meta":{"footnotes":""},"categories":[18],"tags":[],"class_list":["post-122180","post","type-post","status-publish","format-standard","has-post-thumbnail","hentry","category-brasil"],"_links":{"self":[{"href":"https:\/\/iparaiba.com.br\/index.php\/wp-json\/wp\/v2\/posts\/122180","targetHints":{"allow":["GET"]}}],"collection":[{"href":"https:\/\/iparaiba.com.br\/index.php\/wp-json\/wp\/v2\/posts"}],"about":[{"href":"https:\/\/iparaiba.com.br\/index.php\/wp-json\/wp\/v2\/types\/post"}],"author":[{"embeddable":true,"href":"https:\/\/iparaiba.com.br\/index.php\/wp-json\/wp\/v2\/users\/1"}],"replies":[{"embeddable":true,"href":"https:\/\/iparaiba.com.br\/index.php\/wp-json\/wp\/v2\/comments?post=122180"}],"version-history":[{"count":0,"href":"https:\/\/iparaiba.com.br\/index.php\/wp-json\/wp\/v2\/posts\/122180\/revisions"}],"wp:featuredmedia":[{"embeddable":true,"href":"https:\/\/iparaiba.com.br\/index.php\/wp-json\/wp\/v2\/media\/98348"}],"wp:attachment":[{"href":"https:\/\/iparaiba.com.br\/index.php\/wp-json\/wp\/v2\/media?parent=122180"}],"wp:term":[{"taxonomy":"category","embeddable":true,"href":"https:\/\/iparaiba.com.br\/index.php\/wp-json\/wp\/v2\/categories?post=122180"},{"taxonomy":"post_tag","embeddable":true,"href":"https:\/\/iparaiba.com.br\/index.php\/wp-json\/wp\/v2\/tags?post=122180"}],"curies":[{"name":"wp","href":"https:\/\/api.w.org\/{rel}","templated":true}]}}