{"id":122178,"date":"2024-06-19T18:12:55","date_gmt":"2024-06-19T21:12:55","guid":{"rendered":"https:\/\/onordeste.com.br\/?p=122178"},"modified":"2024-06-19T18:12:55","modified_gmt":"2024-06-19T21:12:55","slug":"pagamento-dos-servidores-antecipado","status":"publish","type":"post","link":"https:\/\/iparaiba.com.br\/index.php\/2024\/06\/19\/pagamento-dos-servidores-antecipado\/","title":{"rendered":"Pagamento dos servidores antecipado"},"content":{"rendered":"<p>O governador Jo\u00e3o Azev\u00eado anunciou, nesta segunda-feira (17), no programa semanal Conversa com o Governador, transmitido em cadeia estadual pela R\u00e1dio Tabajara, a antecipa\u00e7\u00e3o do pagamento referente ao m\u00eas de junho, que ser\u00e1 efetuado na pr\u00f3xima sexta-feira (21).<\/p>\n<p>No mesmo dia receber\u00e3o aposentados, pensionistas, reformados e todos os servidores da ativa das administra\u00e7\u00f5es direta e indireta. A medida tem o objetivo de impulsionar a economia do estado durante os festejos juninos.<\/p>\n<p>Al\u00e9m da antecipa\u00e7\u00e3o do pagamento de junho, o Governo do Estado j\u00e1 pagou a primeira parcela do d\u00e9cimo terceiro sal\u00e1rio no \u00faltimo dia 10. Somando com a folha de maio, s\u00e3o mais de R$ 1,8 bilh\u00e3o injetados na economia da Para\u00edba em 25 dias.<\/p>\n<p>\u201cN\u00f3s vamos ter um S\u00e3o Jo\u00e3o com o pagamento do m\u00eas de junho feito para todos os servidores. Essa \u00e9 uma forma de fazer circular recursos na economia do estado, resultado de uma gest\u00e3o fiscal eficiente, que tem a capacidade de honrar seus compromissos, sempre pagando o sal\u00e1rio dos servidores dentro do m\u00eas trabalhado\u201d, frisou o chefe do Executivo estadual.<\/p>\n<p>Calend\u00e1rio de pagamento:<br \/>\n21\/06 (sexta-feira): aposentados, pensionistas, reformados e servidores da ativa (administra\u00e7\u00f5es direta e indireta).<\/p>\n","protected":false},"excerpt":{"rendered":"<p>O governador Jo\u00e3o Azev\u00eado anunciou, nesta segunda-feira (17), no programa semanal Conversa com o Governador, transmitido em cadeia estadual pela R\u00e1dio Tabajara, a antecipa\u00e7\u00e3o do pagamento referente ao m\u00eas de junho, que ser\u00e1 efetuado na pr\u00f3xima sexta-feira (21). No mesmo dia receber\u00e3o aposentados, pensionistas, reformados e todos os servidores da ativa das administra\u00e7\u00f5es direta e &hellip;<\/p>\n","protected":false},"author":1,"featured_media":102730,"comment_status":"open","ping_status":"open","sticky":false,"template":"","format":"standard","meta":{"footnotes":""},"categories":[12],"tags":[],"class_list":["post-122178","post","type-post","status-publish","format-standard","has-post-thumbnail","hentry","category-emprego"],"_links":{"self":[{"href":"https:\/\/iparaiba.com.br\/index.php\/wp-json\/wp\/v2\/posts\/122178","targetHints":{"allow":["GET"]}}],"collection":[{"href":"https:\/\/iparaiba.com.br\/index.php\/wp-json\/wp\/v2\/posts"}],"about":[{"href":"https:\/\/iparaiba.com.br\/index.php\/wp-json\/wp\/v2\/types\/post"}],"author":[{"embeddable":true,"href":"https:\/\/iparaiba.com.br\/index.php\/wp-json\/wp\/v2\/users\/1"}],"replies":[{"embeddable":true,"href":"https:\/\/iparaiba.com.br\/index.php\/wp-json\/wp\/v2\/comments?post=122178"}],"version-history":[{"count":1,"href":"https:\/\/iparaiba.com.br\/index.php\/wp-json\/wp\/v2\/posts\/122178\/revisions"}],"predecessor-version":[{"id":122199,"href":"https:\/\/iparaiba.com.br\/index.php\/wp-json\/wp\/v2\/posts\/122178\/revisions\/122199"}],"wp:featuredmedia":[{"embeddable":true,"href":"https:\/\/iparaiba.com.br\/index.php\/wp-json\/wp\/v2\/media\/102730"}],"wp:attachment":[{"href":"https:\/\/iparaiba.com.br\/index.php\/wp-json\/wp\/v2\/media?parent=122178"}],"wp:term":[{"taxonomy":"category","embeddable":true,"href":"https:\/\/iparaiba.com.br\/index.php\/wp-json\/wp\/v2\/categories?post=122178"},{"taxonomy":"post_tag","embeddable":true,"href":"https:\/\/iparaiba.com.br\/index.php\/wp-json\/wp\/v2\/tags?post=122178"}],"curies":[{"name":"wp","href":"https:\/\/api.w.org\/{rel}","templated":true}]}}