{"id":122175,"date":"2024-06-19T14:08:57","date_gmt":"2024-06-19T17:08:57","guid":{"rendered":"https:\/\/onordeste.com.br\/?p=122174"},"modified":"2024-06-19T14:08:57","modified_gmt":"2024-06-19T17:08:57","slug":"caixa-libera-abono-do-pis-pasep-para-nascidos-em-julho-e-agosto","status":"publish","type":"post","link":"https:\/\/iparaiba.com.br\/index.php\/2024\/06\/19\/caixa-libera-abono-do-pis-pasep-para-nascidos-em-julho-e-agosto\/","title":{"rendered":"Caixa libera abono do PIS\/Pasep para nascidos em julho e agosto"},"content":{"rendered":"<p>Cerca de 4,26 milh\u00f5es de trabalhadores com carteira assinada nascidos em julho e agosto podem sacar, a partir desta segunda-feira (17), o valor do abono salarial do Programa de Integra\u00e7\u00e3o Social (PIS) e do Programa de Forma\u00e7\u00e3o do Patrim\u00f4nio do Servidor P\u00fablico (Pasep) em 2024. A quantia est\u00e1 dispon\u00edvel no aplicativo da Carteira de Trabalho Digital e no Portal Gov.br.<\/p>\n<p>Ao todo, o governo vai liberar\u00a0R$ 4,5 bilh\u00f5es, dos quais R$ 3,9 bilh\u00f5es para o PIS e R$ 613 milh\u00f5es para o Pasep. Aprovado no fim do ano passado, o\u00a0<a href=\"https:\/\/agenciabrasil.ebc.com.br\/economia\/noticia\/2023-12\/pispasep-2024-comeca-ser-pago-em-15-de-fevereiro\" target=\"_blank\" rel=\"noopener\">calend\u00e1rio de libera\u00e7\u00f5es<\/a>\u00a0segue o m\u00eas de nascimento do trabalhador, no caso do PIS, ou o n\u00famero final de inscri\u00e7\u00e3o do Pasep. Os pagamentos ocorrem de 15 de fevereiro a 15 de agosto.<\/p>\n<p>Neste m\u00eas, o pagamento continua a ser antecipado aos trabalhadores do Rio Grande do Sul nascidos de setembro a dezembro que regularizaram a situa\u00e7\u00e3o ap\u00f3s 15 de maio.\u00a0 Ser\u00e3o beneficiados 3.109 trabalhadores com recursos de cerca de R$ 3,5 milh\u00f5es. Em maio, 756.121 trabalhadores do estado, afetado pela enchente, tiveram o pagamento antecipado.<\/p>\n<p>Neste ano, cerca de R$ 27 bilh\u00f5es poder\u00e3o ser sacados. Segundo o Conselho Deliberativo do Fundo de Amparo ao Trabalhador (Codefat), o abono salarial de 2024 ser\u00e1 pago a 24,87 milh\u00f5es de trabalhadores em todo o pa\u00eds. Desse total, 21,98 milh\u00f5es trabalham na iniciativa privada e receber\u00e3o o abono do PIS e 2,89 milh\u00f5es de servidores p\u00fablicos, empregados de estatais e militares t\u00eam direito ao Pasep.<\/p>\n<p>O PIS \u00e9 pago pela Caixa Econ\u00f4mica Federal; e o Pasep, pelo Banco do Brasil. Como ocorre tradicionalmente, os pagamentos ser\u00e3o divididos em seis lotes, baseados no m\u00eas de nascimento, no caso do PIS, e no n\u00famero final de inscri\u00e7\u00e3o, no caso do Pasep. O saque come\u00e7ar\u00e1\u00a0nas datas de libera\u00e7\u00e3o dos lotes e acabar\u00e1 em 27 de dezembro de 2024. Ap\u00f3s esse prazo, ser\u00e1 necess\u00e1rio aguardar convoca\u00e7\u00e3o especial do Minist\u00e9rio do Trabalho e Previd\u00eancia.<\/p>\n<p>&nbsp;<\/p>\n<div class=\"dnd-widget-wrapper context-cheio_8colunas type-image\">\n<div class=\"dnd-atom-rendered\">\n<div class=\"shadow overflow-hidden rounded-lg d-block w-100\"><img decoding=\"async\" class=\"flex-fill img-cover\" title=\"Arte EBC\" src=\"https:\/\/imagens.ebc.com.br\/gQY_jocph4PjfZQD2iR9WgVgJ1k=\/754x0\/smart\/https:\/\/agenciabrasil.ebc.com.br\/sites\/default\/files\/thumbnails\/image\/2024\/03\/14\/abono_salarial_calendario_pagamento_2024.png?itok=iGk1GcY7\" alt=\"Calend\u00e1rio de pagamento do abono salarial em 2024\" \/><\/div>\n<\/div>\n<div class=\"dnd-caption-wrapper\">\n<div class=\"meta\">Calend\u00e1rio de pagamento do abono salarial 2024 &#8211; Arte EBC<\/div>\n<\/div>\n<\/div>\n<h2>Quem tem direito<\/h2>\n<p>Tem direito ao benef\u00edcio o trabalhador inscrito no PIS\/Pasep h\u00e1, pelo menos, cinco anos, e que tenha trabalhado formalmente por, no m\u00ednimo, 30 dias no ano-base considerado para a apura\u00e7\u00e3o, com remunera\u00e7\u00e3o mensal m\u00e9dia de at\u00e9 dois sal\u00e1rios m\u00ednimos. Tamb\u00e9m \u00e9 necess\u00e1rio que os dados tenham sido informados corretamente pelo empregador na Rela\u00e7\u00e3o Anual de Informa\u00e7\u00f5es Sociais (Rais).<\/p>\n<p>O valor do abono \u00e9 proporcional ao per\u00edodo em que o empregado trabalhou com carteira assinada em 2022. Cada m\u00eas trabalhado equivale a um benef\u00edcio de R$ 117,67, com per\u00edodos iguais ou superiores a 15 dias contados como m\u00eas cheio. Quem trabalhou 12 meses com carteira assinada receber\u00e1 o sal\u00e1rio m\u00ednimo cheio, de R$ 1.412.<\/p>\n<p>Ag\u00eancia Brasil<\/p>\n","protected":false},"excerpt":{"rendered":"<p>Cerca de 4,26 milh\u00f5es de trabalhadores com carteira assinada nascidos em julho e agosto podem sacar, a partir desta segunda-feira (17), o valor do abono salarial do Programa de Integra\u00e7\u00e3o Social (PIS) e do Programa de Forma\u00e7\u00e3o do Patrim\u00f4nio do Servidor P\u00fablico (Pasep) em 2024. A quantia est\u00e1 dispon\u00edvel no aplicativo da Carteira de Trabalho &hellip;<\/p>\n","protected":false},"author":1,"featured_media":97540,"comment_status":"open","ping_status":"open","sticky":false,"template":"","format":"standard","meta":{"footnotes":""},"categories":[10],"tags":[],"class_list":["post-122175","post","type-post","status-publish","format-standard","has-post-thumbnail","hentry","category-manchetes"],"_links":{"self":[{"href":"https:\/\/iparaiba.com.br\/index.php\/wp-json\/wp\/v2\/posts\/122175","targetHints":{"allow":["GET"]}}],"collection":[{"href":"https:\/\/iparaiba.com.br\/index.php\/wp-json\/wp\/v2\/posts"}],"about":[{"href":"https:\/\/iparaiba.com.br\/index.php\/wp-json\/wp\/v2\/types\/post"}],"author":[{"embeddable":true,"href":"https:\/\/iparaiba.com.br\/index.php\/wp-json\/wp\/v2\/users\/1"}],"replies":[{"embeddable":true,"href":"https:\/\/iparaiba.com.br\/index.php\/wp-json\/wp\/v2\/comments?post=122175"}],"version-history":[{"count":1,"href":"https:\/\/iparaiba.com.br\/index.php\/wp-json\/wp\/v2\/posts\/122175\/revisions"}],"predecessor-version":[{"id":122197,"href":"https:\/\/iparaiba.com.br\/index.php\/wp-json\/wp\/v2\/posts\/122175\/revisions\/122197"}],"wp:featuredmedia":[{"embeddable":true,"href":"https:\/\/iparaiba.com.br\/index.php\/wp-json\/wp\/v2\/media\/97540"}],"wp:attachment":[{"href":"https:\/\/iparaiba.com.br\/index.php\/wp-json\/wp\/v2\/media?parent=122175"}],"wp:term":[{"taxonomy":"category","embeddable":true,"href":"https:\/\/iparaiba.com.br\/index.php\/wp-json\/wp\/v2\/categories?post=122175"},{"taxonomy":"post_tag","embeddable":true,"href":"https:\/\/iparaiba.com.br\/index.php\/wp-json\/wp\/v2\/tags?post=122175"}],"curies":[{"name":"wp","href":"https:\/\/api.w.org\/{rel}","templated":true}]}}