{"id":122174,"date":"2024-06-19T12:07:43","date_gmt":"2024-06-19T15:07:43","guid":{"rendered":"https:\/\/onordeste.com.br\/?p=122172"},"modified":"2024-06-19T12:07:43","modified_gmt":"2024-06-19T15:07:43","slug":"enem-2024-5-milhoes-se-inscreveram-numero-supera-o-das-ultimas-edicoes","status":"publish","type":"post","link":"https:\/\/iparaiba.com.br\/index.php\/2024\/06\/19\/enem-2024-5-milhoes-se-inscreveram-numero-supera-o-das-ultimas-edicoes\/","title":{"rendered":"Enem 2024: 5 milh\u00f5es se inscreveram. N\u00famero supera o das \u00faltimas edi\u00e7\u00f5es"},"content":{"rendered":"<p style=\"font-weight: 600;\"><span data-contrast=\"none\">O Minist\u00e9rio da Educa\u00e7\u00e3o (MEC) e o Instituto Nacional de Estudos e Pesquisas Educacionais An\u00edsio Teixeira (Inep) registraram 5.055.699 inscri\u00e7\u00f5es para o Exame Nacional do Ensino M\u00e9dio (\u00a0Enem\u00a0) 2024, superando as \u00faltimas edi\u00e7\u00f5es.\u00a0O n\u00famero ainda pode aumentar\u00a0porque\u00a0o Governo Federal vai garantir\u00a0um per\u00edodo extra para os moradores do Rio Grande do Sul se inscreverem, entre 16 e 21 de junho.<\/span><\/p>\n<p style=\"font-weight: 600;\"><span data-contrast=\"none\">Mais\u00a0da metade\u00a0dos inscritos\u00a0(2.731.757) n\u00e3o vai precisar pagar a taxa de inscri\u00e7\u00e3o porque teve a solicita\u00e7\u00e3o de isen\u00e7\u00e3o aprovada. Os\u00a0concluintes, ou seja, aqueles que est\u00e3o na \u00faltima s\u00e9rie do ensino m\u00e9dio, correspondem a 1.655.721 inscritos, sendo que 1.330.364 inscri\u00e7\u00f5es desse grupo foram gratuitas; e 325.357 dever\u00e3o ser pagas.<\/span><\/p>\n<p style=\"font-weight: 600;\"><span data-contrast=\"none\">O\u00a0<\/span><span data-contrast=\"none\">balan\u00e7o com os dados de inscritos confirmados e do perfil do participante do\u00a0Enem\u00a02024 ser\u00e1\u00a0divulgado ap\u00f3s a compensa\u00e7\u00e3o de todos os pagamentos efetuados para as solicita\u00e7\u00f5es sem isen\u00e7\u00e3o da taxa. O prazo se encerrar\u00e1 na pr\u00f3xima quarta-feira, 19 de junho.<\/span><\/p>\n<h4 style=\"font-weight: 400;\"><b><strong><span data-contrast=\"none\">Confira a quantidade de inscritos por estado:<\/span><\/strong><\/b><\/h4>\n<p>&nbsp;<\/p>\n<table style=\"font-weight: 400;\" data-tablelook=\"1696\" data-tablestyle=\"MsoTableGrid\">\n<tbody>\n<tr>\n<td data-celllook=\"4369\">\n<p style=\"font-weight: 600;\"><span data-contrast=\"none\">Estado<\/span><\/p>\n<\/td>\n<td data-celllook=\"4369\">\n<p style=\"font-weight: 600;\"><span data-contrast=\"none\">N\u00famero de inscritos<\/span><\/p>\n<\/td>\n<\/tr>\n<tr>\n<td data-celllook=\"4369\">\n<p style=\"font-weight: 600;\"><span data-contrast=\"none\">Acre (AC)<\/span><\/p>\n<\/td>\n<td data-celllook=\"4369\">\n<p style=\"font-weight: 600;\"><span data-contrast=\"none\">33.362<\/span><\/p>\n<\/td>\n<\/tr>\n<tr>\n<td data-celllook=\"4369\">\n<p style=\"font-weight: 600;\"><span data-contrast=\"none\">Alagoas (AL)<\/span><\/p>\n<\/td>\n<td data-celllook=\"4369\">\n<p style=\"font-weight: 600;\"><span data-contrast=\"none\">106.194<\/span><\/p>\n<\/td>\n<\/tr>\n<tr>\n<td data-celllook=\"4369\">\n<p style=\"font-weight: 600;\"><span data-contrast=\"none\">Amap\u00e1 (AP)<\/span><\/p>\n<\/td>\n<td data-celllook=\"4369\">\n<p style=\"font-weight: 600;\"><span data-contrast=\"none\">38.314<\/span><\/p>\n<\/td>\n<\/tr>\n<tr>\n<td data-celllook=\"4369\">\n<p style=\"font-weight: 600;\"><span data-contrast=\"none\">Amazonas (AM)<\/span><\/p>\n<\/td>\n<td data-celllook=\"4369\">\n<p style=\"font-weight: 600;\"><span data-contrast=\"none\">122.791<\/span><\/p>\n<\/td>\n<\/tr>\n<tr>\n<td data-celllook=\"4369\">\n<p style=\"font-weight: 600;\"><span data-contrast=\"none\">Bahia (BA)<\/span><\/p>\n<\/td>\n<td data-celllook=\"4369\">\n<p style=\"font-weight: 600;\"><span data-contrast=\"none\">449.528<\/span><\/p>\n<\/td>\n<\/tr>\n<tr>\n<td data-celllook=\"4369\">\n<p style=\"font-weight: 600;\"><span data-contrast=\"none\">Cear\u00e1 (CE)<\/span><\/p>\n<\/td>\n<td data-celllook=\"4369\">\n<p style=\"font-weight: 600;\"><span data-contrast=\"none\">279.054<\/span><\/p>\n<\/td>\n<\/tr>\n<tr>\n<td data-celllook=\"4369\">\n<p style=\"font-weight: 600;\"><span data-contrast=\"none\">Distrito Federal (DF)<\/span><\/p>\n<\/td>\n<td data-celllook=\"4369\">\n<p style=\"font-weight: 600;\"><span data-contrast=\"none\">94.683<\/span><\/p>\n<\/td>\n<\/tr>\n<tr>\n<td data-celllook=\"4369\">\n<p style=\"font-weight: 600;\"><span data-contrast=\"none\">Esp\u00edrito Santo (ES)<\/span><\/p>\n<\/td>\n<td data-celllook=\"4369\">\n<p style=\"font-weight: 600;\"><span data-contrast=\"none\">88.573<\/span><\/p>\n<\/td>\n<\/tr>\n<tr>\n<td data-celllook=\"4369\">\n<p style=\"font-weight: 600;\"><span data-contrast=\"none\">Goi\u00e1s (GO)<\/span><\/p>\n<\/td>\n<td data-celllook=\"4369\">\n<p style=\"font-weight: 600;\"><span data-contrast=\"none\">180.131<\/span><\/p>\n<\/td>\n<\/tr>\n<tr>\n<td data-celllook=\"4369\">\n<p style=\"font-weight: 600;\"><span data-contrast=\"none\">Maranh\u00e3o (MA)<\/span><\/p>\n<\/td>\n<td data-celllook=\"4369\">\n<p style=\"font-weight: 600;\"><span data-contrast=\"none\">210.647<\/span><\/p>\n<\/td>\n<\/tr>\n<tr>\n<td data-celllook=\"4369\">\n<p style=\"font-weight: 600;\"><span data-contrast=\"none\">Mato Grosso (MT)<\/span><\/p>\n<\/td>\n<td data-celllook=\"4369\">\n<p style=\"font-weight: 600;\"><span data-contrast=\"none\">84.657<\/span><\/p>\n<\/td>\n<\/tr>\n<tr>\n<td data-celllook=\"4369\">\n<p style=\"font-weight: 600;\"><span data-contrast=\"none\">Mato Grosso do Sul (MS)<\/span><\/p>\n<\/td>\n<td data-celllook=\"4369\">\n<p style=\"font-weight: 600;\"><span data-contrast=\"none\">65.099<\/span><\/p>\n<\/td>\n<\/tr>\n<tr>\n<td data-celllook=\"4369\">\n<p style=\"font-weight: 600;\"><span data-contrast=\"none\">Minas Gerais (MG)<\/span><\/p>\n<\/td>\n<td data-celllook=\"4369\">\n<p style=\"font-weight: 600;\"><span data-contrast=\"none\">463.722<\/span><\/p>\n<\/td>\n<\/tr>\n<tr>\n<td data-celllook=\"4369\">\n<p style=\"font-weight: 600;\"><span data-contrast=\"none\">Par\u00e1 (PA)<\/span><\/p>\n<\/td>\n<td data-celllook=\"4369\">\n<p style=\"font-weight: 600;\"><span data-contrast=\"none\">300.983<\/span><\/p>\n<\/td>\n<\/tr>\n<tr>\n<td data-celllook=\"4369\">\n<p style=\"font-weight: 600;\"><span data-contrast=\"none\">Para\u00edba (PB)<\/span><\/p>\n<\/td>\n<td data-celllook=\"4369\">\n<p style=\"font-weight: 600;\"><span data-contrast=\"none\">149.663<\/span><\/p>\n<\/td>\n<\/tr>\n<tr>\n<td data-celllook=\"4369\">\n<p style=\"font-weight: 600;\"><span data-contrast=\"none\">Paran\u00e1 (PR)<\/span><\/p>\n<\/td>\n<td data-celllook=\"4369\">\n<p style=\"font-weight: 600;\"><span data-contrast=\"none\">209.924<\/span><\/p>\n<\/td>\n<\/tr>\n<tr>\n<td data-celllook=\"4369\">\n<p style=\"font-weight: 600;\"><span data-contrast=\"none\">Pernambuco (PE)<\/span><\/p>\n<\/td>\n<td data-celllook=\"4369\">\n<p style=\"font-weight: 600;\"><span data-contrast=\"none\">275.543<\/span><\/p>\n<\/td>\n<\/tr>\n<tr>\n<td data-celllook=\"4369\">\n<p style=\"font-weight: 600;\"><span data-contrast=\"none\">Piau\u00ed (PI)<\/span><\/p>\n<\/td>\n<td data-celllook=\"4369\">\n<p style=\"font-weight: 600;\"><span data-contrast=\"none\">125.815<\/span><\/p>\n<\/td>\n<\/tr>\n<tr>\n<td data-celllook=\"4369\">\n<p style=\"font-weight: 600;\"><span data-contrast=\"none\">Rio de Janeiro (RJ)<\/span><\/p>\n<\/td>\n<td data-celllook=\"4369\">\n<p style=\"font-weight: 600;\"><span data-contrast=\"none\">352.777<\/span><\/p>\n<\/td>\n<\/tr>\n<tr>\n<td data-celllook=\"4369\">\n<p style=\"font-weight: 600;\"><span data-contrast=\"none\">Rio Grande do Norte (RN)<\/span><\/p>\n<\/td>\n<td data-celllook=\"4369\">\n<p style=\"font-weight: 600;\"><span data-contrast=\"none\">119.088<\/span><\/p>\n<\/td>\n<\/tr>\n<tr>\n<td data-celllook=\"4369\">\n<p style=\"font-weight: 600;\"><span data-contrast=\"none\">Rio Grande do Sul (RS)<\/span><\/p>\n<\/td>\n<td data-celllook=\"4369\">\n<p style=\"font-weight: 600;\"><span data-contrast=\"none\">259.936<\/span><\/p>\n<\/td>\n<\/tr>\n<tr>\n<td data-celllook=\"4369\">\n<p style=\"font-weight: 600;\"><span data-contrast=\"none\">Rond\u00f4nia (RO)<\/span><\/p>\n<\/td>\n<td data-celllook=\"4369\">\n<p style=\"font-weight: 600;\"><span data-contrast=\"none\">48.469<\/span><\/p>\n<\/td>\n<\/tr>\n<tr>\n<td data-celllook=\"4369\">\n<p style=\"font-weight: 600;\"><span data-contrast=\"none\">Roraima (RR)<\/span><\/p>\n<\/td>\n<td data-celllook=\"4369\">\n<p style=\"font-weight: 600;\"><span data-contrast=\"none\">16.455<\/span><\/p>\n<\/td>\n<\/tr>\n<tr>\n<td data-celllook=\"4369\">\n<p style=\"font-weight: 600;\"><span data-contrast=\"none\">Santa Catarina (SC)<\/span><\/p>\n<\/td>\n<td data-celllook=\"4369\">\n<p style=\"font-weight: 600;\"><span data-contrast=\"none\">110.553<\/span><\/p>\n<\/td>\n<\/tr>\n<tr>\n<td data-celllook=\"4369\">\n<p style=\"font-weight: 600;\"><span data-contrast=\"none\">S\u00e3o Paulo (SP)<\/span><\/p>\n<\/td>\n<td data-celllook=\"4369\">\n<p style=\"font-weight: 600;\"><span data-contrast=\"none\">747.094<\/span><\/p>\n<\/td>\n<\/tr>\n<tr>\n<td data-celllook=\"4369\">\n<p style=\"font-weight: 600;\"><span data-contrast=\"none\">Sergipe (SE)<\/span><\/p>\n<\/td>\n<td data-celllook=\"4369\">\n<p style=\"font-weight: 600;\"><span data-contrast=\"none\">80.918<\/span><\/p>\n<\/td>\n<\/tr>\n<tr>\n<td data-celllook=\"4369\">\n<p style=\"font-weight: 600;\"><span data-contrast=\"none\">Tocantins (TO)<\/span><\/p>\n<\/td>\n<td data-celllook=\"4369\">\n<p style=\"font-weight: 600;\"><span data-contrast=\"none\">41.726<\/span><\/p>\n<\/td>\n<\/tr>\n<\/tbody>\n<\/table>\n<p style=\"font-weight: 600;\"><b><strong><span data-contrast=\"none\"><br \/>\nTaxa de inscri\u00e7\u00e3o\u00a0\u2013\u00a0<\/span><\/strong><\/b><span data-contrast=\"none\">O participante que n\u00e3o \u00e9 isento deve pagar a taxa (R$ 85) at\u00e9 a pr\u00f3xima quarta-feira (19\/6), respeitando os hor\u00e1rios de compensa\u00e7\u00e3o banc\u00e1ria. O pagamento \u00e9 feito por meio de boleto do Banco do Brasil, que \u00e9 disponibilizado ao inscrito ap\u00f3s acesso ao sistema do exame, via Login \u00danico do Gov.br.<\/span><\/p>\n<p style=\"font-weight: 600;\"><b><strong><span data-contrast=\"none\">Rio Grande do Sul\u00a0\u2013\u00a0<\/span><\/strong><\/b><span data-contrast=\"none\">Para os moradores do estado,\u00a0a\u00a0P\u00e1gina do Participante ser\u00e1 reaberta neste domingo, 16 de junho, quando ser\u00e1 iniciado per\u00edodo extra de inscri\u00e7\u00e3o. O prazo vai at\u00e9 \u00e0s 23h59 da pr\u00f3xima sexta-feira (21\/6). Vale lembrar que a inscri\u00e7\u00e3o \u00e9 gratuita para quem mora no Rio Grande do Sul. O Minist\u00e9rio da Educa\u00e7\u00e3o avalia a necessidade de aplica\u00e7\u00e3o das provas em uma nova data para os participantes do estado.<\/span><\/p>\n<p style=\"font-weight: 600;\"><b><strong><span data-contrast=\"none\">Enem\u00a0\u2013\u00a0<\/span><\/strong><\/b><span data-contrast=\"none\">O Exame Nacional do Ensino M\u00e9dio avalia o desempenho escolar dos estudantes ao t\u00e9rmino da educa\u00e7\u00e3o b\u00e1sica. Ao longo de mais de duas d\u00e9cadas de exist\u00eancia, o\u00a0Enem\u00a0tornou-se a principal porta de entrada para a educa\u00e7\u00e3o superior no Brasil, por meio do Sistema de Sele\u00e7\u00e3o Unificada (Sisu) e de iniciativas como o Programa Universidade para Todos (Prouni).<\/span><\/p>\n<p style=\"font-weight: 600;\"><span data-contrast=\"none\">Institui\u00e7\u00f5es de ensino p\u00fablicas e privadas utilizam o\u00a0Enem\u00a0para selecionar estudantes. Os resultados s\u00e3o usados como crit\u00e9rio \u00fanico ou complementar dos processos seletivos, al\u00e9m de servirem de par\u00e2metros para acesso a aux\u00edlios governamentais, por exemplo o proporcionado pelo Fundo de Financiamento Estudantil (Fies).<\/span><\/p>\n<p style=\"font-weight: 600;\"><span data-contrast=\"none\">Os resultados individuais do\u00a0Enem\u00a0tamb\u00e9m podem ser aproveitados nos processos seletivos de institui\u00e7\u00f5es portuguesas que possuem conv\u00eanio com o Inep para aceitar as notas do exame. Os acordos garantem acesso facilitado \u00e0s notas dos estudantes brasileiros interessados em cursar a educa\u00e7\u00e3o superior em Portugal.<\/span><\/p>\n<p style=\"font-weight: 600;\"><em><span data-contrast=\"none\">Por: Secretaria de Comunica\u00e7\u00e3o Social (Secom)<\/span><\/em><\/p>\n<p><a style=\"font-weight: 500;\" href=\"https:\/\/www.gov.br\/secom\/pt-br\/assuntos\/noticias\/2024\/06\/enem-2024-5-milhoes-se-inscreveram-para-a-edicao\">Link: https:\/\/www.gov.br\/secom\/pt-br\/assuntos\/noticias\/2024\/06\/enem-2024-5-milhoes-se-inscreveram-para-a-edicao<\/a><\/p>\n","protected":false},"excerpt":{"rendered":"<p>O Minist\u00e9rio da Educa\u00e7\u00e3o (MEC) e o Instituto Nacional de Estudos e Pesquisas Educacionais An\u00edsio Teixeira (Inep) registraram 5.055.699 inscri\u00e7\u00f5es para o Exame Nacional do Ensino M\u00e9dio (\u00a0Enem\u00a0) 2024, superando as \u00faltimas edi\u00e7\u00f5es.\u00a0O n\u00famero ainda pode aumentar\u00a0porque\u00a0o Governo Federal vai garantir\u00a0um per\u00edodo extra para os moradores do Rio Grande do Sul se inscreverem, entre 16 &hellip;<\/p>\n","protected":false},"author":1,"featured_media":102596,"comment_status":"open","ping_status":"open","sticky":false,"template":"","format":"standard","meta":{"footnotes":""},"categories":[11],"tags":[],"class_list":["post-122174","post","type-post","status-publish","format-standard","has-post-thumbnail","hentry","category-educacao"],"_links":{"self":[{"href":"https:\/\/iparaiba.com.br\/index.php\/wp-json\/wp\/v2\/posts\/122174","targetHints":{"allow":["GET"]}}],"collection":[{"href":"https:\/\/iparaiba.com.br\/index.php\/wp-json\/wp\/v2\/posts"}],"about":[{"href":"https:\/\/iparaiba.com.br\/index.php\/wp-json\/wp\/v2\/types\/post"}],"author":[{"embeddable":true,"href":"https:\/\/iparaiba.com.br\/index.php\/wp-json\/wp\/v2\/users\/1"}],"replies":[{"embeddable":true,"href":"https:\/\/iparaiba.com.br\/index.php\/wp-json\/wp\/v2\/comments?post=122174"}],"version-history":[{"count":1,"href":"https:\/\/iparaiba.com.br\/index.php\/wp-json\/wp\/v2\/posts\/122174\/revisions"}],"predecessor-version":[{"id":122196,"href":"https:\/\/iparaiba.com.br\/index.php\/wp-json\/wp\/v2\/posts\/122174\/revisions\/122196"}],"wp:featuredmedia":[{"embeddable":true,"href":"https:\/\/iparaiba.com.br\/index.php\/wp-json\/wp\/v2\/media\/102596"}],"wp:attachment":[{"href":"https:\/\/iparaiba.com.br\/index.php\/wp-json\/wp\/v2\/media?parent=122174"}],"wp:term":[{"taxonomy":"category","embeddable":true,"href":"https:\/\/iparaiba.com.br\/index.php\/wp-json\/wp\/v2\/categories?post=122174"},{"taxonomy":"post_tag","embeddable":true,"href":"https:\/\/iparaiba.com.br\/index.php\/wp-json\/wp\/v2\/tags?post=122174"}],"curies":[{"name":"wp","href":"https:\/\/api.w.org\/{rel}","templated":true}]}}