{"id":122173,"date":"2024-06-19T10:06:11","date_gmt":"2024-06-19T13:06:11","guid":{"rendered":"https:\/\/onordeste.com.br\/?p=122170"},"modified":"2024-06-19T10:06:11","modified_gmt":"2024-06-19T13:06:11","slug":"lula-sanciona-lei-que-fortalece-o-combate-a-violencia-domestica-e-familiar","status":"publish","type":"post","link":"https:\/\/iparaiba.com.br\/index.php\/2024\/06\/19\/lula-sanciona-lei-que-fortalece-o-combate-a-violencia-domestica-e-familiar\/","title":{"rendered":"Lula sanciona lei que fortalece o combate \u00e0 viol\u00eancia dom\u00e9stica e familiar"},"content":{"rendered":"<p>O presidente da Rep\u00fablica, Luiz In\u00e1cio Lula da Silva, sancionou o Projeto de Lei n\u00ba 501, de 2019, que cria um plano de metas para o enfrentamento integrado da viol\u00eancia dom\u00e9stica e familiar contra a mulher. O plano dever\u00e1 ser executado de maneira colaborativa pela Uni\u00e3o, estados, munic\u00edpios e o Distrito Federal, e ter\u00e1 validade de dez anos com atualiza\u00e7\u00e3o obrigat\u00f3ria a cada dois anos.<\/p>\n<p><strong>\u201cN\u00f3s temos um papel, enquanto governo, de divulgar essa lei. N\u00f3s temos que fazer com que isso chegue a conhecimento das mulheres que est\u00e3o no sindicato, das mulheres que est\u00e3o na pol\u00edtica, das mulheres que est\u00e3o no com\u00e9rcio, que est\u00e3o dentro da f\u00e1brica, porque se ela souber que existe a lei, ela come\u00e7a a ter coragem de fazer a den\u00fancia\u201d<\/strong><\/p>\n<p><strong><em>LUIZ IN\u00c1CIO LULA DA SILVA<\/em><\/strong><br \/>\n<strong><em>Presidente da Rep\u00fablica<\/em><\/strong><\/p>\n<hr \/>\n<p>A proposta tamb\u00e9m cria a Rede Estadual de Enfrentamento \u00e0 Viol\u00eancia contra a Mulher e a Rede de Atendimento \u00e0 Mulher em Situa\u00e7\u00e3o de Viol\u00eancia. Essas redes ser\u00e3o compostas pelos \u00f3rg\u00e3os p\u00fablicos de seguran\u00e7a, sa\u00fade, justi\u00e7a, assist\u00eancia social, educa\u00e7\u00e3o e direitos humanos, al\u00e9m de representantes da sociedade civil.<\/p>\n<p>\u201cN\u00f3s temos um papel, enquanto governo, de divulgar essa lei. N\u00f3s temos que fazer com que isso chegue a conhecimento das mulheres que est\u00e3o no sindicato, das mulheres que est\u00e3o na pol\u00edtica, das mulheres que est\u00e3o no com\u00e9rcio, que est\u00e3o dentro da f\u00e1brica, porque se ela souber que existe a lei, ela come\u00e7a a ter coragem de fazer a den\u00fancia\u201d, declarou o presidente Lula, durante a solenidade no Pal\u00e1cio do Planalto.<\/p>\n<p>Lula lamentou o fato de que, ainda hoje, com a Lei Maria da Penha prestes a completar 18 anos \u2013 foi sancionada em agosto de 2006 \u2013, ainda exista tanta viol\u00eancia contra a mulher. \u201cO cara que levanta a m\u00e3o para bater na mulher, o cara que levanta a m\u00e3o para atirar na mulher, \u00e9 porque o cidad\u00e3o n\u00e3o presta enquanto ser humano. Ent\u00e3o \u00e9 triste, mas no s\u00e9culo XXI a gente estar discutindo uma coisa dessa magnitude, com Constitui\u00e7\u00e3o bem-feita, com todas as leis aprovadas, com o come\u00e7o do crescimento da participa\u00e7\u00e3o da mulher na pol\u00edtica, voc\u00ea percebe que a gente ainda est\u00e1 muito longe, porque a gente vai fazendo lei para proteger a mulher, fazendo lei para dar direito \u00e0 mulher, mas o homem continua solto\u201d, disse o presidente.<\/p>\n<p>A san\u00e7\u00e3o da nova lei se soma a uma s\u00e9rie de medidas implementadas pelo Governo Federal para coibir a viol\u00eancia dom\u00e9stica e familiar contra a mulher, al\u00e9m de assegurar a aten\u00e7\u00e3o humanizada \u00e0 mulher que esteja em situa\u00e7\u00e3o de viol\u00eancia.<\/p>\n<p>O texto diz que estados, munic\u00edpios e o Distrito Federal devem apresentar regularmente suas propostas sob risco de perderem o acesso a recursos relacionados \u00e0 seguran\u00e7a p\u00fablica e aos direitos humanos. O projeto tamb\u00e9m determina que o Sistema Nacional de Informa\u00e7\u00f5es de Seguran\u00e7a P\u00fablica (Sinesp) armazene informa\u00e7\u00f5es para auxiliar nas pol\u00edticas p\u00fablicas de enfrentamento da viol\u00eancia contra a mulher.<\/p>\n<blockquote class=\"twitter-tweet\">\n<p dir=\"ltr\">Acabo de sancionar um projeto de lei que vai fortalecer o enfrentamento \u00e0 viol\u00eancia contras mulheres. O Projeto de Lei 501\/2019 cria um plano de metas integrado para combater a viol\u00eancia dom\u00e9stica, articulando Uni\u00e3o, estados e munic\u00edpios para que a\u00e7\u00f5es de enfrentamento sejam\u2026\u00a0<a href=\"https:\/\/t.co\/DkQgW8jvEp\">pic.twitter.com\/DkQgW8jvEp<\/a><\/p>\n<p>\u2014 Lula (@LulaOficial)\u00a0<a href=\"https:\/\/twitter.com\/LulaOficial\/status\/1802759026393948263?ref_src=twsrc%5Etfw\">June 17, 2024<\/a><\/p><\/blockquote>\n<p><strong>MEDIDAS\u00a0<\/strong>\u2013 Al\u00e9m das metas de preven\u00e7\u00e3o, o plano deve assegurar aten\u00e7\u00e3o humanizada \u00e0 mulher que esteja em situa\u00e7\u00e3o de viol\u00eancia e contemplar medidas como:<\/p>\n<ul>\n<li>Dispositivo m\u00f3vel de seguran\u00e7a: disponibiliza\u00e7\u00e3o de dispositivo m\u00f3vel de seguran\u00e7a que viabilize a prote\u00e7\u00e3o da integridade f\u00edsica da mulher.<\/li>\n<li>Delegacias: expans\u00e3o das delegacias de atendimento \u00e0 mulher.<\/li>\n<li>Hor\u00e1rios de atendimento: amplia\u00e7\u00e3o dos hor\u00e1rios de funcionamento dos institutos m\u00e9dico-legais e dos servi\u00e7os de atendimento \u00e0 mulher em situa\u00e7\u00e3o de viol\u00eancia.<\/li>\n<li>Monitoramento do agressor: implementa\u00e7\u00e3o de monitoramento eletr\u00f4nico do agressor.<\/li>\n<li>Reeduca\u00e7\u00e3o do agressor: reeduca\u00e7\u00e3o e acompanhamento psicossocial do agressor.<\/li>\n<li>Educa\u00e7\u00e3o policial: disciplina espec\u00edfica de enfrentamento da viol\u00eancia contra a mulher nos cursos regulares das institui\u00e7\u00f5es policiais.<\/li>\n<\/ul>\n<p>Participaram da assinatura da san\u00e7\u00e3o do Projeto de Lei n\u00ba 501\/2019, al\u00e9m do presidente Lula, a primeira-dama, Janja Lula da Silva; a ministra das Mulheres, Cida Gon\u00e7alves; o ministro da Secretaria de Rela\u00e7\u00f5es Institucionais da Presid\u00eancia da Rep\u00fablica, Alexandre Padilha; a senadora Jana\u00edna Farias; as deputadas federais Erika Kokay e Benedita da Silva; a secret\u00e1ria Nacional de Enfrentamento \u00e0 Viol\u00eancia contra as Mulheres do Minist\u00e9rio das Mulheres, Denise Dau; a secret\u00e1ria-adjunta de Assuntos Parlamentares da SRI, Vivian Mendes; e a coordenadora do Observat\u00f3rio da Mulher contra a viol\u00eancia do Senado Federal, Maria Teresa Prado.<\/p>\n<p><span class=\"discreet\"><em>Por: Planalto<\/em><\/span><\/p>\n","protected":false},"excerpt":{"rendered":"<p>O presidente da Rep\u00fablica, Luiz In\u00e1cio Lula da Silva, sancionou o Projeto de Lei n\u00ba 501, de 2019, que cria um plano de metas para o enfrentamento integrado da viol\u00eancia dom\u00e9stica e familiar contra a mulher. O plano dever\u00e1 ser executado de maneira colaborativa pela Uni\u00e3o, estados, munic\u00edpios e o Distrito Federal, e ter\u00e1 validade &hellip;<\/p>\n","protected":false},"author":1,"featured_media":97360,"comment_status":"open","ping_status":"open","sticky":false,"template":"","format":"standard","meta":{"footnotes":""},"categories":[6],"tags":[],"class_list":["post-122173","post","type-post","status-publish","format-standard","has-post-thumbnail","hentry","category-destaques"],"_links":{"self":[{"href":"https:\/\/iparaiba.com.br\/index.php\/wp-json\/wp\/v2\/posts\/122173","targetHints":{"allow":["GET"]}}],"collection":[{"href":"https:\/\/iparaiba.com.br\/index.php\/wp-json\/wp\/v2\/posts"}],"about":[{"href":"https:\/\/iparaiba.com.br\/index.php\/wp-json\/wp\/v2\/types\/post"}],"author":[{"embeddable":true,"href":"https:\/\/iparaiba.com.br\/index.php\/wp-json\/wp\/v2\/users\/1"}],"replies":[{"embeddable":true,"href":"https:\/\/iparaiba.com.br\/index.php\/wp-json\/wp\/v2\/comments?post=122173"}],"version-history":[{"count":1,"href":"https:\/\/iparaiba.com.br\/index.php\/wp-json\/wp\/v2\/posts\/122173\/revisions"}],"predecessor-version":[{"id":122195,"href":"https:\/\/iparaiba.com.br\/index.php\/wp-json\/wp\/v2\/posts\/122173\/revisions\/122195"}],"wp:featuredmedia":[{"embeddable":true,"href":"https:\/\/iparaiba.com.br\/index.php\/wp-json\/wp\/v2\/media\/97360"}],"wp:attachment":[{"href":"https:\/\/iparaiba.com.br\/index.php\/wp-json\/wp\/v2\/media?parent=122173"}],"wp:term":[{"taxonomy":"category","embeddable":true,"href":"https:\/\/iparaiba.com.br\/index.php\/wp-json\/wp\/v2\/categories?post=122173"},{"taxonomy":"post_tag","embeddable":true,"href":"https:\/\/iparaiba.com.br\/index.php\/wp-json\/wp\/v2\/tags?post=122173"}],"curies":[{"name":"wp","href":"https:\/\/api.w.org\/{rel}","templated":true}]}}