{"id":122171,"date":"2024-06-19T06:02:54","date_gmt":"2024-06-19T09:02:54","guid":{"rendered":"https:\/\/onordeste.com.br\/?p=122166"},"modified":"2024-06-19T06:02:54","modified_gmt":"2024-06-19T09:02:54","slug":"bolsa-familia-chega-a-2084-milhoes-de-domicilios","status":"publish","type":"post","link":"https:\/\/iparaiba.com.br\/index.php\/2024\/06\/19\/bolsa-familia-chega-a-2084-milhoes-de-domicilios\/","title":{"rendered":"Bolsa Fam\u00edlia chega a 20,84 milh\u00f5es de domic\u00edlios"},"content":{"rendered":"<p dir=\"ltr\">O pagamento do Bolsa Fam\u00edlia come\u00e7a nesta segunda-feira (17\/6), com um investimento de R$ 14,23 bilh\u00f5es do Minist\u00e9rio do Desenvolvimento e Assist\u00eancia Social, Fam\u00edlia e Combate \u00e0 Fome (MDS) e um\u00a0benef\u00edcio m\u00e9dio de R$ 683,75. O repasse chega a 20,84 milh\u00f5es de fam\u00edlias em todo o Brasil, sendo que 198,31 mil delas foram inclu\u00eddas no programa este m\u00eas.<\/p>\n<p dir=\"ltr\">Em junho, o Bolsa Fam\u00edlia registra o maior patamar de 2024 em investimentos voltados para a primeira inf\u00e2ncia e para crian\u00e7as e adolescentes de sete a 18 anos incompletos. S\u00e3o R$ 2,11 bilh\u00f5es destinados para o pagamento dos benef\u00edcios Primeira Inf\u00e2ncia e Vari\u00e1vel Familiar. O novo modelo do programa, institu\u00eddo em mar\u00e7o do ano passado, considera a composi\u00e7\u00e3o familiar e prioriza a primeira inf\u00e2ncia na transfer\u00eancia de recursos.<\/p>\n<p dir=\"ltr\">S\u00e3o 9,38 milh\u00f5es de crian\u00e7as de zero a seis anos que recebem o Benef\u00edcio Primeira Inf\u00e2ncia neste m\u00eas. Cada uma delas tem direito a um adicional de R$ 150. J\u00e1 o Benef\u00edcio Vari\u00e1vel Familiar acrescenta R$ 50 no pagamento de 1,03 milh\u00e3o de gestantes; 373,45 mil nutrizes e; 15,58 milh\u00f5es de crian\u00e7as e adolescentes de sete a 18 anos incompletos contemplados pelo programa. Para eles, o aporte \u00e9 de R$ 785,7 milh\u00f5es. Al\u00e9m disso, cada membro da fam\u00edlia recebe o Benef\u00edcio Renda de Cidadania, no valor de R$ 142.<\/p>\n<p dir=\"ltr\">As fam\u00edlias em regra de prote\u00e7\u00e3o chegam a 2,58 milh\u00f5es em junho. Para elas, o benef\u00edcio m\u00e9dio \u00e9 de R$ 370,54. A regra se aplica \u00e0s fam\u00edlias que tiveram aumento na renda de at\u00e9 meio sal\u00e1rio m\u00ednimo por integrante, de qualquer idade. A medida permite a perman\u00eancia dessas fam\u00edlias no programa por at\u00e9 dois anos, recebendo 50% do valor do benef\u00edcio a que teriam direito, incluindo os adicionais para crian\u00e7as, adolescentes, gestantes e nutrizes.<\/p>\n","protected":false},"excerpt":{"rendered":"<p>O pagamento do Bolsa Fam\u00edlia come\u00e7a nesta segunda-feira (17\/6), com um investimento de R$ 14,23 bilh\u00f5es do Minist\u00e9rio do Desenvolvimento e Assist\u00eancia Social, Fam\u00edlia e Combate \u00e0 Fome (MDS) e um\u00a0benef\u00edcio m\u00e9dio de R$ 683,75. O repasse chega a 20,84 milh\u00f5es de fam\u00edlias em todo o Brasil, sendo que 198,31 mil delas foram inclu\u00eddas no &hellip;<\/p>\n","protected":false},"author":1,"featured_media":119089,"comment_status":"open","ping_status":"open","sticky":false,"template":"","format":"standard","meta":{"footnotes":""},"categories":[18],"tags":[],"class_list":["post-122171","post","type-post","status-publish","format-standard","has-post-thumbnail","hentry","category-brasil"],"_links":{"self":[{"href":"https:\/\/iparaiba.com.br\/index.php\/wp-json\/wp\/v2\/posts\/122171","targetHints":{"allow":["GET"]}}],"collection":[{"href":"https:\/\/iparaiba.com.br\/index.php\/wp-json\/wp\/v2\/posts"}],"about":[{"href":"https:\/\/iparaiba.com.br\/index.php\/wp-json\/wp\/v2\/types\/post"}],"author":[{"embeddable":true,"href":"https:\/\/iparaiba.com.br\/index.php\/wp-json\/wp\/v2\/users\/1"}],"replies":[{"embeddable":true,"href":"https:\/\/iparaiba.com.br\/index.php\/wp-json\/wp\/v2\/comments?post=122171"}],"version-history":[{"count":1,"href":"https:\/\/iparaiba.com.br\/index.php\/wp-json\/wp\/v2\/posts\/122171\/revisions"}],"predecessor-version":[{"id":122193,"href":"https:\/\/iparaiba.com.br\/index.php\/wp-json\/wp\/v2\/posts\/122171\/revisions\/122193"}],"wp:featuredmedia":[{"embeddable":true,"href":"https:\/\/iparaiba.com.br\/index.php\/wp-json\/wp\/v2\/media\/119089"}],"wp:attachment":[{"href":"https:\/\/iparaiba.com.br\/index.php\/wp-json\/wp\/v2\/media?parent=122171"}],"wp:term":[{"taxonomy":"category","embeddable":true,"href":"https:\/\/iparaiba.com.br\/index.php\/wp-json\/wp\/v2\/categories?post=122171"},{"taxonomy":"post_tag","embeddable":true,"href":"https:\/\/iparaiba.com.br\/index.php\/wp-json\/wp\/v2\/tags?post=122171"}],"curies":[{"name":"wp","href":"https:\/\/api.w.org\/{rel}","templated":true}]}}