{"id":122167,"date":"2024-06-18T12:00:49","date_gmt":"2024-06-18T15:00:49","guid":{"rendered":"https:\/\/onordeste.com.br\/?p=122158"},"modified":"2024-06-18T12:00:49","modified_gmt":"2024-06-18T15:00:49","slug":"anunciado-inicio-das-obras-do-gasoduto-joao-pessoa-cabedelo","status":"publish","type":"post","link":"https:\/\/iparaiba.com.br\/index.php\/2024\/06\/18\/anunciado-inicio-das-obras-do-gasoduto-joao-pessoa-cabedelo\/","title":{"rendered":"Anunciado in\u00edcio das obras do gasoduto Jo\u00e3o Pessoa-Cabedelo"},"content":{"rendered":"<p>Og\u00e1s canalizado est\u00e1 chegando ao munic\u00edpio de Cabedelo. O governador Jo\u00e3o Azev\u00eado anunciou o in\u00edcio das obras de constru\u00e7\u00e3o da rede de g\u00e1s canalizado de Cabedelo pelo bairro de Intermares.<\/p>\n<p>O gasoduto Jo\u00e3o Pessoa-Cabedelo ter\u00e1 19 km de rede de g\u00e1s, num investimento de de R$ 7 milh\u00f5es da Companhia Paraibana de G\u00e1s (PBG\u00e1s). &#8220;Esse \u00e9 mais um investimento estrat\u00e9gico do nosso governo, dotando o munic\u00edpio de Cabedelo de nova infraestrutura energ\u00e9tica no caminho do\u00a0 desenvolvimento sustent\u00e1vel&#8221;, destacou o chefe do Executivo.<\/p>\n<p>O secret\u00e1rio da Infraestrutura e dos Recursos H\u00eddricos do Estado, Deusdete Queiroga, disse que a obra \u00e9 fundamental para o desenvolvimento econ\u00f4mico e sustent\u00e1vel do estado e beneficia uma regi\u00e3o de alto crescimento imobili\u00e1rio, comercial e com voca\u00e7\u00e3o tur\u00edstica. &#8220;Cabedelo ganha uma rede de g\u00e1s canalizado em um momento que\u00a0 recebe outros investimentos importantes como as melhorias e aumento do calado do Porto de Cabedelo, a dragagem e a t\u00e3o sonhada ponte ligando Cabedelo, a Santa Rita e Lucena\u201d, pontuou Deusdete.<\/p>\n<p>Nesta primeira fase, as obras iniciam pela Avenida Litor\u00e2nea, na divisa entre o Bessa e Intermares, e seguem pela rua Wolgran Robson Vieira Correia, Samuel Henrique Hardman Norad e Djalma Vilar de Gusm\u00e3o. Essa etapa inicial do projeto ir\u00e1 contemplar as principais ruas e avenidas do bairro de Intermares.<\/p>\n<p>Ap\u00f3s essa etapa,\u00a0 a companhia ir\u00e1 atender com g\u00e1s canalizado clientes dos mercados residenciais e comerciais dos bairros de Intermares, Ponta de Campina, Po\u00e7o, Camboinha e Formosa, at\u00e9 o Porto de Cabedelo, com a liga\u00e7\u00e3o do Moinho Dias Branco e outras ind\u00fastrias.<\/p>\n<p>De acordo com o diretor-presidente da PBG\u00e1s, Jailson Galv\u00e3o, a chegada do g\u00e1s canalizado a Cabedelo \u00e9 um marco importante para o Governo do Estado e para a Companhia Paraibana de G\u00e1s, que chega no m\u00eas de outubro aos 30 anos de exist\u00eancia. Ele informou que a meta da companhia \u00e9 at\u00e9 dezembro de 2024 chegar com a rede de g\u00e1s ao centro de Cabedelo e no final do primeiro semestre de 2025 ligar o Moinho Dias Branco, que ser\u00e1 o cliente \u00e2ncora, com grande potencial de consumo de g\u00e1s.<\/p>\n<p>\u201cOutro aspecto importante \u00e9 que estaremos oferecendo infraestrutura energ\u00e9tica e vantagens do g\u00e1s natural aos diversos segmentos na regi\u00e3o do Porto de Cabedelo\u201d, completou.<\/p>\n","protected":false},"excerpt":{"rendered":"<p>Og\u00e1s canalizado est\u00e1 chegando ao munic\u00edpio de Cabedelo. O governador Jo\u00e3o Azev\u00eado anunciou o in\u00edcio das obras de constru\u00e7\u00e3o da rede de g\u00e1s canalizado de Cabedelo pelo bairro de Intermares. O gasoduto Jo\u00e3o Pessoa-Cabedelo ter\u00e1 19 km de rede de g\u00e1s, num investimento de de R$ 7 milh\u00f5es da Companhia Paraibana de G\u00e1s (PBG\u00e1s). &#8220;Esse &hellip;<\/p>\n","protected":false},"author":1,"featured_media":98384,"comment_status":"open","ping_status":"open","sticky":false,"template":"","format":"standard","meta":{"footnotes":""},"categories":[6],"tags":[],"class_list":["post-122167","post","type-post","status-publish","format-standard","has-post-thumbnail","hentry","category-destaques"],"_links":{"self":[{"href":"https:\/\/iparaiba.com.br\/index.php\/wp-json\/wp\/v2\/posts\/122167","targetHints":{"allow":["GET"]}}],"collection":[{"href":"https:\/\/iparaiba.com.br\/index.php\/wp-json\/wp\/v2\/posts"}],"about":[{"href":"https:\/\/iparaiba.com.br\/index.php\/wp-json\/wp\/v2\/types\/post"}],"author":[{"embeddable":true,"href":"https:\/\/iparaiba.com.br\/index.php\/wp-json\/wp\/v2\/users\/1"}],"replies":[{"embeddable":true,"href":"https:\/\/iparaiba.com.br\/index.php\/wp-json\/wp\/v2\/comments?post=122167"}],"version-history":[{"count":1,"href":"https:\/\/iparaiba.com.br\/index.php\/wp-json\/wp\/v2\/posts\/122167\/revisions"}],"predecessor-version":[{"id":122189,"href":"https:\/\/iparaiba.com.br\/index.php\/wp-json\/wp\/v2\/posts\/122167\/revisions\/122189"}],"wp:featuredmedia":[{"embeddable":true,"href":"https:\/\/iparaiba.com.br\/index.php\/wp-json\/wp\/v2\/media\/98384"}],"wp:attachment":[{"href":"https:\/\/iparaiba.com.br\/index.php\/wp-json\/wp\/v2\/media?parent=122167"}],"wp:term":[{"taxonomy":"category","embeddable":true,"href":"https:\/\/iparaiba.com.br\/index.php\/wp-json\/wp\/v2\/categories?post=122167"},{"taxonomy":"post_tag","embeddable":true,"href":"https:\/\/iparaiba.com.br\/index.php\/wp-json\/wp\/v2\/tags?post=122167"}],"curies":[{"name":"wp","href":"https:\/\/api.w.org\/{rel}","templated":true}]}}