{"id":122164,"date":"2024-06-18T06:00:36","date_gmt":"2024-06-18T09:00:36","guid":{"rendered":"https:\/\/onordeste.com.br\/?p=122151"},"modified":"2024-06-18T06:00:36","modified_gmt":"2024-06-18T09:00:36","slug":"alpb-realiza-audiencia-publica-para-debater-poluicao-nas-praias","status":"publish","type":"post","link":"https:\/\/iparaiba.com.br\/index.php\/2024\/06\/18\/alpb-realiza-audiencia-publica-para-debater-poluicao-nas-praias\/","title":{"rendered":"ALPB realiza audi\u00eancia p\u00fablica para debater polui\u00e7\u00e3o nas praias"},"content":{"rendered":"<p>A Comiss\u00e3o de Desenvolvimento, Turismo e Meio Ambiente da Assembleia Legislativa da Para\u00edba (ALPB) realizou Audi\u00eancia P\u00fablica para discutir os recentes casos de crimes ambientais nas praias de Jo\u00e3o Pessoa, Cabedelo, Lucena e Pitimbu.<\/p>\n<p>Segundo o deputado George Morais, autor da propositura juntamente com o presidente Adriano, o objetivo do debate foi buscar solu\u00e7\u00f5es e cobrar medidas urgentes dos \u00f3rg\u00e3os respons\u00e1veis, seja para melhoria no processo de fiscaliza\u00e7\u00e3o ou para mais investimentos na rede de saneamento, para imediata recupera\u00e7\u00e3o das \u00e1reas degradadas\u201d. Enfim, ouvimos todos os interessados e cobramos provid\u00eancias\u201d, ressaltou o parlamentar.<\/p>\n<p>O deputado Herv\u00e1zio Bezerra destacou que os \u00f3rg\u00e3os respons\u00e1veis est\u00e3o atuando para resolver a problem\u00e1tica. Desde o in\u00edcio da Opera\u00e7\u00e3o Praia Limpa, deflagrada pela Superintend\u00eancia de Administra\u00e7\u00e3o do Meio Ambiente (Sudema), em parceria com a Cagepa, no in\u00edcio deste m\u00eas de maio, cerca de nove estabelecimentos foram flagrados com despejo irregular da rede de esgotos em praias da Capital.<\/p>\n<p>\u201cTodos n\u00f3s sabemos que j\u00e1 h\u00e1 uma a\u00e7\u00e3o efetiva por parte da Sudema, por parte da Cagepa e pela Secretaria de Meio Ambiente da Prefeitura da Capital. Esse tema \u00e9 antiqu\u00edssimo, muito embora Jo\u00e3o Pessoa seja uma das capitais com o melhor \u00edndice de saneamento do pa\u00eds. \u00c9 p\u00fablico e not\u00f3rio que esse problema de despejo de esgotos existe, principalmente de parte comercial de nossa cidade\u201d, disse Herv\u00e1zio Bezerra.<\/p>\n","protected":false},"excerpt":{"rendered":"<p>A Comiss\u00e3o de Desenvolvimento, Turismo e Meio Ambiente da Assembleia Legislativa da Para\u00edba (ALPB) realizou Audi\u00eancia P\u00fablica para discutir os recentes casos de crimes ambientais nas praias de Jo\u00e3o Pessoa, Cabedelo, Lucena e Pitimbu. Segundo o deputado George Morais, autor da propositura juntamente com o presidente Adriano, o objetivo do debate foi buscar solu\u00e7\u00f5es e &hellip;<\/p>\n","protected":false},"author":1,"featured_media":115221,"comment_status":"open","ping_status":"open","sticky":false,"template":"","format":"standard","meta":{"footnotes":""},"categories":[8],"tags":[],"class_list":["post-122164","post","type-post","status-publish","format-standard","has-post-thumbnail","hentry","category-politica"],"_links":{"self":[{"href":"https:\/\/iparaiba.com.br\/index.php\/wp-json\/wp\/v2\/posts\/122164","targetHints":{"allow":["GET"]}}],"collection":[{"href":"https:\/\/iparaiba.com.br\/index.php\/wp-json\/wp\/v2\/posts"}],"about":[{"href":"https:\/\/iparaiba.com.br\/index.php\/wp-json\/wp\/v2\/types\/post"}],"author":[{"embeddable":true,"href":"https:\/\/iparaiba.com.br\/index.php\/wp-json\/wp\/v2\/users\/1"}],"replies":[{"embeddable":true,"href":"https:\/\/iparaiba.com.br\/index.php\/wp-json\/wp\/v2\/comments?post=122164"}],"version-history":[{"count":1,"href":"https:\/\/iparaiba.com.br\/index.php\/wp-json\/wp\/v2\/posts\/122164\/revisions"}],"predecessor-version":[{"id":122186,"href":"https:\/\/iparaiba.com.br\/index.php\/wp-json\/wp\/v2\/posts\/122164\/revisions\/122186"}],"wp:featuredmedia":[{"embeddable":true,"href":"https:\/\/iparaiba.com.br\/index.php\/wp-json\/wp\/v2\/media\/115221"}],"wp:attachment":[{"href":"https:\/\/iparaiba.com.br\/index.php\/wp-json\/wp\/v2\/media?parent=122164"}],"wp:term":[{"taxonomy":"category","embeddable":true,"href":"https:\/\/iparaiba.com.br\/index.php\/wp-json\/wp\/v2\/categories?post=122164"},{"taxonomy":"post_tag","embeddable":true,"href":"https:\/\/iparaiba.com.br\/index.php\/wp-json\/wp\/v2\/tags?post=122164"}],"curies":[{"name":"wp","href":"https:\/\/api.w.org\/{rel}","templated":true}]}}