{"id":122163,"date":"2024-06-17T18:00:03","date_gmt":"2024-06-17T21:00:03","guid":{"rendered":"https:\/\/onordeste.com.br\/?p=122149"},"modified":"2024-06-17T18:00:03","modified_gmt":"2024-06-17T21:00:03","slug":"campina-grande-avalia-andamento-dos-trabalhos-na-9a-acao-intersetorial-no-maior-sao-joao-do-mundo","status":"publish","type":"post","link":"https:\/\/iparaiba.com.br\/index.php\/2024\/06\/17\/campina-grande-avalia-andamento-dos-trabalhos-na-9a-acao-intersetorial-no-maior-sao-joao-do-mundo\/","title":{"rendered":"Campina Grande avalia andamento dos trabalhos na 9a A\u00e7\u00e3o Intersetorial n\u2019O Maior S\u00e3o Jo\u00e3o do Mundo"},"content":{"rendered":"<p>Prefeitura de Campina Grande e Vara da Inf\u00e2ncia e Juventude avaliam andamento dos trabalhos na 9a A\u00e7\u00e3o Intersetorial n\u2019O Maior S\u00e3o Jo\u00e3o do Mundo<\/p>\n<p>Encontro foi realizado na Vara da Inf\u00e2ncia e Juventude com parte da equipe envolvida na A\u00e7\u00e3o, de prote\u00e7\u00e3o \u00e0 crian\u00e7a e ao adolescente, no Parque do Povo e Galante<\/p>\n<p>A Prefeitura de Campina Grande atrav\u00e9s de representantes do Comit\u00ea Gestor, que administra a 9a edi\u00e7\u00e3o da A\u00e7\u00e3o Intersetorial de Combate ao Abuso e Explora\u00e7\u00e3o do Trabalho Infantil, n&#8217;O Maior S\u00e3o Jo\u00e3o do Mundo, se reuniu com membros da Vara da Inf\u00e2ncia e Juventude de Campina Grande para avaliar o andamento da A\u00e7\u00e3o nestes primeiros 15 dias de festividades. A reuni\u00e3o ocorreu nessa ter\u00e7a-feira, 11, na sede da Vara da Inf\u00e2ncia, no bairro Catol\u00e9.<\/p>\n<p>O encontro reuniu membros da Secretarias de Assist\u00eancia Social (Semas), Sa\u00fade (SMS), Educa\u00e7\u00e3o (Seduc), al\u00e9m do Conselho de Direito e Defesa das Crian\u00e7as e Adolescentes (CMDDCA), Conselho Tutelar e a Arte Produ\u00e7\u00f5es, organizadora do evento. O objetivo foi pontuar poss\u00edveis mudan\u00e7as na log\u00edstica que vem sendo aplicada na A\u00e7\u00e3o, afim de otimizar os trabalhos no Parque do Povo e Distrito de Galante, para proteger ainda mais as crian\u00e7as e adolescentes.<\/p>\n<p>Na oportunidade, foram pontuadas quest\u00f5es como a quantidade de pessoas trabalhando na A\u00e7\u00e3o, tipos e quantidades de abordagens realizadas at\u00e9 o momento e, principalmente, o andamento da Portaria 001\/2024, que orienta o limite da perman\u00eancia de crian\u00e7as no espa\u00e7o das festas noturnas. Tamb\u00e9m foram discutidas outras quest\u00f5es, considerando a continuidade da festa neste ano, e j\u00e1 projetando os trabalhos para 2025.<\/p>\n<p>Conforme Paulineto Sarmento, coordenador geral da A\u00e7\u00e3o, a oportunidade foi v\u00e1lida para discutir estrat\u00e9gias. &#8220;Discutimos a import\u00e2ncia de um encaminhamento para a Pol\u00edcia Rodovi\u00e1ria Federal (PRF) solicitando fiscaliza\u00e7\u00e3o dos \u00f4nibus e vans vindos das cidades circunvizinhas, verificando a presen\u00e7a de adolescentes sem pais e respons\u00e1veis; o plano de m\u00eddia da Vara da Inf\u00e2ncia, que inclui a produ\u00e7\u00e3o de v\u00eddeos educativos a serem veiculados; al\u00e9m da distribui\u00e7\u00e3o de panfletos informativos ao p\u00fablico da festa&#8221;, disse o coordenador.<\/p>\n<p>De acordo com o juiz titular da Vara da Inf\u00e2ncia, Perilo Lucena, \u00e9 importante ouvir sobre o andamento da A\u00e7\u00e3o para que a Justi\u00e7a contribua ainda mais com os trabalhos. &#8220;N\u00f3s ouvimos todo mundo antes de tomar delibera\u00e7\u00f5es com base nos principais problemas detectados e quais podem ser as solu\u00e7\u00f5es, no que diz respeito a qualidade t\u00e9cnica para fazer com que cada vez mais possamos fazer um S\u00e3o Jo\u00e3o maior e mais protegido&#8221;, concluiu o juiz<\/p>\n<div class=\"yj6qo\"><\/div>\n<div class=\"adL\"><\/div>\n","protected":false},"excerpt":{"rendered":"<p>Prefeitura de Campina Grande e Vara da Inf\u00e2ncia e Juventude avaliam andamento dos trabalhos na 9a A\u00e7\u00e3o Intersetorial n\u2019O Maior S\u00e3o Jo\u00e3o do Mundo Encontro foi realizado na Vara da Inf\u00e2ncia e Juventude com parte da equipe envolvida na A\u00e7\u00e3o, de prote\u00e7\u00e3o \u00e0 crian\u00e7a e ao adolescente, no Parque do Povo e Galante A Prefeitura &hellip;<\/p>\n","protected":false},"author":1,"featured_media":100607,"comment_status":"open","ping_status":"open","sticky":false,"template":"","format":"standard","meta":{"footnotes":""},"categories":[6],"tags":[],"class_list":["post-122163","post","type-post","status-publish","format-standard","has-post-thumbnail","hentry","category-destaques"],"_links":{"self":[{"href":"https:\/\/iparaiba.com.br\/index.php\/wp-json\/wp\/v2\/posts\/122163","targetHints":{"allow":["GET"]}}],"collection":[{"href":"https:\/\/iparaiba.com.br\/index.php\/wp-json\/wp\/v2\/posts"}],"about":[{"href":"https:\/\/iparaiba.com.br\/index.php\/wp-json\/wp\/v2\/types\/post"}],"author":[{"embeddable":true,"href":"https:\/\/iparaiba.com.br\/index.php\/wp-json\/wp\/v2\/users\/1"}],"replies":[{"embeddable":true,"href":"https:\/\/iparaiba.com.br\/index.php\/wp-json\/wp\/v2\/comments?post=122163"}],"version-history":[{"count":1,"href":"https:\/\/iparaiba.com.br\/index.php\/wp-json\/wp\/v2\/posts\/122163\/revisions"}],"predecessor-version":[{"id":122185,"href":"https:\/\/iparaiba.com.br\/index.php\/wp-json\/wp\/v2\/posts\/122163\/revisions\/122185"}],"wp:featuredmedia":[{"embeddable":true,"href":"https:\/\/iparaiba.com.br\/index.php\/wp-json\/wp\/v2\/media\/100607"}],"wp:attachment":[{"href":"https:\/\/iparaiba.com.br\/index.php\/wp-json\/wp\/v2\/media?parent=122163"}],"wp:term":[{"taxonomy":"category","embeddable":true,"href":"https:\/\/iparaiba.com.br\/index.php\/wp-json\/wp\/v2\/categories?post=122163"},{"taxonomy":"post_tag","embeddable":true,"href":"https:\/\/iparaiba.com.br\/index.php\/wp-json\/wp\/v2\/tags?post=122163"}],"curies":[{"name":"wp","href":"https:\/\/api.w.org\/{rel}","templated":true}]}}