{"id":122162,"date":"2024-06-17T16:00:47","date_gmt":"2024-06-17T19:00:47","guid":{"rendered":"https:\/\/onordeste.com.br\/?p=122147"},"modified":"2024-06-17T16:00:47","modified_gmt":"2024-06-17T19:00:47","slug":"oab-ressalta-importancia-da-protecao-dos-direitos-da-crianca-e-do-adolescente","status":"publish","type":"post","link":"https:\/\/iparaiba.com.br\/index.php\/2024\/06\/17\/oab-ressalta-importancia-da-protecao-dos-direitos-da-crianca-e-do-adolescente\/","title":{"rendered":"OAB ressalta import\u00e2ncia da prote\u00e7\u00e3o dos direitos da crian\u00e7a e do adolescente"},"content":{"rendered":"<p>O presidente nacional da OAB, Beto Simonetti, refor\u00e7ou o compromisso e responsabilidade da Ordem na luta pela prote\u00e7\u00e3o da inf\u00e2ncia e juventude, em todas as esferas, durante a abertura do 5\u00ba Congresso Nacional de Defesa dos Direitos da Crian\u00e7a e Adolescente. O evento foi realizado pela OAB-PB.<\/p>\n<p>\u201cProteger a crian\u00e7a \u00e9 tamb\u00e9m proteger o futuro. \u00c9 uma responsabilidade que todos compartilhamos. Seja no combate ao trabalho infantil, ao abuso sexual, \u00e0 viol\u00eancia nas escolas ou ao abandono dom\u00e9stico, \u00e9 crucial estarmos conectados e vigilantes na defesa do que \u00e9 mais precioso\u201d, declarou Simonetti em sua participa\u00e7\u00e3o por v\u00eddeo.<\/p>\n<p>O evento tem o objetivo de tratar de quest\u00f5es como a exposi\u00e7\u00e3o de crian\u00e7as e adolescentes nas redes sociais, discutindo os riscos e cuidados necess\u00e1rios. Al\u00e9m disso, abordar temas sens\u00edveis, como abuso e explora\u00e7\u00e3o sexual e a rela\u00e7\u00e3o entre o desaparecimento de crian\u00e7as e o tr\u00e1fico humano.<\/p>\n<p>O presidente da OAB Nacional tamb\u00e9m prop\u00f4s somar for\u00e7as para a garantia dos direitos de crian\u00e7as e adolescentes. \u201c\u00c9 hora de dialogar, de trazer luz aos debates e de unir esfor\u00e7os em prol de um futuro mais seguro e justo para nossas crian\u00e7as. Juntos, podemos construir um mundo onde haja oportunidade de crescer em um ambiente seguro e acolhedor. Esta \u00e9 uma luta que nos une e que continuaremos a travar com determina\u00e7\u00e3o e solidariedade\u201d, refor\u00e7ou.<\/p>\n<p>A presidente da Comiss\u00e3o Nacional de Defesa dos Direitos da Crian\u00e7a e do Adolescente da OAB, Rebeca Sodr\u00e9, pontuou os assuntos que ser\u00e3o abordados ao longo dos dois dias de evento, como o enfrentamento \u00e0s viol\u00eancias no ambiente escolar, a entrega legal e ado\u00e7\u00e3o \u00e0 luz do ordenamento jur\u00eddico brasileiro, a import\u00e2ncia da escuta especializada e da n\u00e3o revitimiza\u00e7\u00e3o nos procedimentos envolvendo crian\u00e7as e adolescentes, aliena\u00e7\u00e3o parental, abandono afetivo e direito ao nome.<\/p>\n<p>A vice-presidente da Comiss\u00e3o Nacional de Defesa dos Direitos das Crian\u00e7as e Adolescentes do CFOAB, Luiza Simonetti, falou sobre a import\u00e2ncia de abordar as vulnerabilidades e cuidados no \u00e2mbito jur\u00eddico com crian\u00e7as e adolescentes. &#8220;S\u00e3o os que merecem aten\u00e7\u00e3o especial, devido a sua condi\u00e7\u00e3o de pessoa inexistente e consequente necessidade de prote\u00e7\u00e3o\u201d, pontuou.<\/p>\n","protected":false},"excerpt":{"rendered":"<p>O presidente nacional da OAB, Beto Simonetti, refor\u00e7ou o compromisso e responsabilidade da Ordem na luta pela prote\u00e7\u00e3o da inf\u00e2ncia e juventude, em todas as esferas, durante a abertura do 5\u00ba Congresso Nacional de Defesa dos Direitos da Crian\u00e7a e Adolescente. O evento foi realizado pela OAB-PB. \u201cProteger a crian\u00e7a \u00e9 tamb\u00e9m proteger o futuro. &hellip;<\/p>\n","protected":false},"author":1,"featured_media":107582,"comment_status":"open","ping_status":"open","sticky":false,"template":"","format":"standard","meta":{"footnotes":""},"categories":[9],"tags":[],"class_list":["post-122162","post","type-post","status-publish","format-standard","has-post-thumbnail","hentry","category-justica"],"_links":{"self":[{"href":"https:\/\/iparaiba.com.br\/index.php\/wp-json\/wp\/v2\/posts\/122162","targetHints":{"allow":["GET"]}}],"collection":[{"href":"https:\/\/iparaiba.com.br\/index.php\/wp-json\/wp\/v2\/posts"}],"about":[{"href":"https:\/\/iparaiba.com.br\/index.php\/wp-json\/wp\/v2\/types\/post"}],"author":[{"embeddable":true,"href":"https:\/\/iparaiba.com.br\/index.php\/wp-json\/wp\/v2\/users\/1"}],"replies":[{"embeddable":true,"href":"https:\/\/iparaiba.com.br\/index.php\/wp-json\/wp\/v2\/comments?post=122162"}],"version-history":[{"count":1,"href":"https:\/\/iparaiba.com.br\/index.php\/wp-json\/wp\/v2\/posts\/122162\/revisions"}],"predecessor-version":[{"id":122184,"href":"https:\/\/iparaiba.com.br\/index.php\/wp-json\/wp\/v2\/posts\/122162\/revisions\/122184"}],"wp:featuredmedia":[{"embeddable":true,"href":"https:\/\/iparaiba.com.br\/index.php\/wp-json\/wp\/v2\/media\/107582"}],"wp:attachment":[{"href":"https:\/\/iparaiba.com.br\/index.php\/wp-json\/wp\/v2\/media?parent=122162"}],"wp:term":[{"taxonomy":"category","embeddable":true,"href":"https:\/\/iparaiba.com.br\/index.php\/wp-json\/wp\/v2\/categories?post=122162"},{"taxonomy":"post_tag","embeddable":true,"href":"https:\/\/iparaiba.com.br\/index.php\/wp-json\/wp\/v2\/tags?post=122162"}],"curies":[{"name":"wp","href":"https:\/\/api.w.org\/{rel}","templated":true}]}}