{"id":122137,"date":"2024-06-10T09:00:24","date_gmt":"2024-06-10T12:00:24","guid":{"rendered":"https:\/\/onordeste.com.br\/?p=122094"},"modified":"2024-06-10T09:00:24","modified_gmt":"2024-06-10T12:00:24","slug":"atendimento-ao-migrante-prefeitura-de-campina-grande-destaca-trabalho-realizado-pelo-servico-ligado-a-semas","status":"publish","type":"post","link":"https:\/\/iparaiba.com.br\/index.php\/2024\/06\/10\/atendimento-ao-migrante-prefeitura-de-campina-grande-destaca-trabalho-realizado-pelo-servico-ligado-a-semas\/","title":{"rendered":"ATENDIMENTO AO MIGRANTE: Prefeitura de Campina Grande destaca trabalho realizado pelo Servi\u00e7o ligado \u00e0 Semas"},"content":{"rendered":"<p style=\"font-weight: 400;\">A Prefeitura de Campina Grande, atrav\u00e9s do Servi\u00e7o de Atendimento ao Migrante, da Secretaria Municipal de Assist\u00eancia Social (Semas), realiza atualmente o acompanhamento de 90 migrantes e 21 fam\u00edlias ciganas no<\/p>\n<p style=\"font-weight: 400;\">Munic\u00edpio. Ao todo, 155 pessoas est\u00e3o sendo alcan\u00e7adas com encaminhamentos, envolvendo n\u00e3o s\u00f3 servi\u00e7os na rede de assist\u00eancia social, como tamb\u00e9m sa\u00fade, educa\u00e7\u00e3o, cultura, entre outros. H\u00e1 ainda a promo\u00e7\u00e3o de a\u00e7\u00f5es e atividades junto a institui\u00e7\u00f5es privadas.<\/p>\n<p style=\"font-weight: 400;\">De acordo com Samara Almeida, coordenadora do Servi\u00e7o, j\u00e1 foram v\u00e1rias resolu\u00e7\u00f5es de problemas desde a implementa\u00e7\u00e3o do servi\u00e7o em 2020. &#8220;Fazemos encaminhamentos principalmente para o Cad\u00danico, assessoria jur\u00eddica e empregabilidade, junto \u00e0 empresas privadas do Munic\u00edpio, para tentar integrar essas fam\u00edlias. Tamb\u00e9m fechamos parcerias com universidades, para que eles recebam atendimentos odontol\u00f3gicos na unidade e outros servi\u00e7os de sa\u00fade na rede municipal&#8221;, continuou coordenadora.<\/p>\n<p style=\"font-weight: 400;\">&#8220;Outro fator importante, \u00e9 que garantimos uma nova perspectiva para crian\u00e7as e adolescentes migrantes, atrav\u00e9s de encaminhamentos para a integra\u00e7\u00e3o escolar no Munic\u00edpio. De modo geral, abra\u00e7amos cada caso, para conseguir resolver as pend\u00eancias conforme a necessidade de cada um deles, a exemplo dos migrantes n\u00e3o ind\u00edgenas, que chegam aqui com forma\u00e7\u00e3o e precisam de ajuda para conseguir emprego&#8221;, concluiu Samara Almeida.<\/p>\n<p style=\"font-weight: 400;\">A coordenadora ainda destaca a atua\u00e7\u00e3o do Servi\u00e7o com as fam\u00edlias ciganas que escolheram a cidade para morar. No final do m\u00eas passado, o Setor, com o apoio da UEPB, atrav\u00e9s da professora Uelba Alexandre, pesquisadora da cultura e dan\u00e7a cigana, realizou uma programa\u00e7\u00e3o especial em alus\u00e3o ao dia 24 de maio, data em que se comemora o \u201cDia Nacional dos Ciganos\u201d.<\/p>\n<p style=\"font-weight: 400;\">Francisca Batista (42), l\u00edder da comunidade cigana no Conjunto Severino Cabral, afirma que h\u00e1 cerca de um ano as fam\u00edlias do local est\u00e3o sendo acompanhadas. &#8220;Nossa rela\u00e7\u00e3o \u00e9 muito aberta e ficamos felizes com esse acolhimento por parte da Prefeitura e do Servi\u00e7o do Migrante, s\u00f3 temos a agradecer. N\u00f3s conseguimos agilizar, com o apoio do setor, diversas quest\u00f5es na Secretaria de Sa\u00fade, Educa\u00e7\u00e3o e outros lugares. \u00c9 uma forma de refor\u00e7ar nossos costumes e cultura, e tudo isso \u00e9 muito importante para nosso povo&#8221;, finalizou a cigana.<\/p>\n","protected":false},"excerpt":{"rendered":"<p>A Prefeitura de Campina Grande, atrav\u00e9s do Servi\u00e7o de Atendimento ao Migrante, da Secretaria Municipal de Assist\u00eancia Social (Semas), realiza atualmente o acompanhamento de 90 migrantes e 21 fam\u00edlias ciganas no Munic\u00edpio. Ao todo, 155 pessoas est\u00e3o sendo alcan\u00e7adas com encaminhamentos, envolvendo n\u00e3o s\u00f3 servi\u00e7os na rede de assist\u00eancia social, como tamb\u00e9m sa\u00fade, educa\u00e7\u00e3o, cultura, &hellip;<\/p>\n","protected":false},"author":1,"featured_media":116658,"comment_status":"open","ping_status":"open","sticky":false,"template":"","format":"standard","meta":{"footnotes":""},"categories":[15],"tags":[],"class_list":["post-122137","post","type-post","status-publish","format-standard","has-post-thumbnail","hentry","category-links"],"_links":{"self":[{"href":"https:\/\/iparaiba.com.br\/index.php\/wp-json\/wp\/v2\/posts\/122137","targetHints":{"allow":["GET"]}}],"collection":[{"href":"https:\/\/iparaiba.com.br\/index.php\/wp-json\/wp\/v2\/posts"}],"about":[{"href":"https:\/\/iparaiba.com.br\/index.php\/wp-json\/wp\/v2\/types\/post"}],"author":[{"embeddable":true,"href":"https:\/\/iparaiba.com.br\/index.php\/wp-json\/wp\/v2\/users\/1"}],"replies":[{"embeddable":true,"href":"https:\/\/iparaiba.com.br\/index.php\/wp-json\/wp\/v2\/comments?post=122137"}],"version-history":[{"count":0,"href":"https:\/\/iparaiba.com.br\/index.php\/wp-json\/wp\/v2\/posts\/122137\/revisions"}],"wp:featuredmedia":[{"embeddable":true,"href":"https:\/\/iparaiba.com.br\/index.php\/wp-json\/wp\/v2\/media\/116658"}],"wp:attachment":[{"href":"https:\/\/iparaiba.com.br\/index.php\/wp-json\/wp\/v2\/media?parent=122137"}],"wp:term":[{"taxonomy":"category","embeddable":true,"href":"https:\/\/iparaiba.com.br\/index.php\/wp-json\/wp\/v2\/categories?post=122137"},{"taxonomy":"post_tag","embeddable":true,"href":"https:\/\/iparaiba.com.br\/index.php\/wp-json\/wp\/v2\/tags?post=122137"}],"curies":[{"name":"wp","href":"https:\/\/api.w.org\/{rel}","templated":true}]}}