{"id":122135,"date":"2024-06-10T08:58:14","date_gmt":"2024-06-10T11:58:14","guid":{"rendered":"https:\/\/onordeste.com.br\/?p=122090"},"modified":"2024-06-10T08:58:14","modified_gmt":"2024-06-10T11:58:14","slug":"encontro-vai-debater-os-desafios-do-sistema-prisional","status":"publish","type":"post","link":"https:\/\/iparaiba.com.br\/index.php\/2024\/06\/10\/encontro-vai-debater-os-desafios-do-sistema-prisional\/","title":{"rendered":"Encontro vai debater os desafios do sistema prisional"},"content":{"rendered":"<p>O Tribunal de Contas da Uni\u00e3o (TCU) promove, no dia 18 de junho, das 14h30 \u00e0s 16h30, o<strong>\u00a0webin\u00e1rio Direitos Humanos: Os Desafios do Sistema Prisional Brasileiro e a Garantia dos Direitos da Popula\u00e7\u00e3o Carcer\u00e1ria.<\/strong>\u00a0O encontro pretende coletar informa\u00e7\u00f5es sobre o sistema prisional brasileiro e as pol\u00edticas p\u00fablicas direcionadas \u00e0 popula\u00e7\u00e3o carcer\u00e1ria, identificando responsabilidades e desafios institucionais na promo\u00e7\u00e3o e defesa dos direitos desse grupo populacional. Tamb\u00e9m tem por objetivo construir conhecimento sobre o tema e direcionar a\u00e7\u00f5es do Tribunal no exerc\u00edcio do controle externo.<\/p>\n<p>Para discutir o tema, foram convidados\u00a0<strong>tr\u00eas palestrantes,<\/strong>\u00a0que abordar\u00e3o quest\u00f5es relacionadas \u00e0 estrutura do sistema prisional brasileiro; ao incremento de alternativas penais; \u00e0 diminui\u00e7\u00e3o do n\u00famero de presos provis\u00f3rios; \u00e0 assegura\u00e7\u00e3o de direitos nas \u00e1reas de sa\u00fade, educa\u00e7\u00e3o, trabalho, alimenta\u00e7\u00e3o, alojamento, prote\u00e7\u00e3o \u00e0 maternidade e \u00e0 inf\u00e2ncia; e \u00e0 assist\u00eancia aos egressos para reinser\u00e7\u00e3o \u00e0 comunidade.<\/p>\n<p>O webin\u00e1rio tem como p\u00fablico-alvo agentes p\u00fablicos, membros de entidades de participa\u00e7\u00e3o cidad\u00e3 que atuam na defesa dos direitos dessa popula\u00e7\u00e3o, especialistas e pesquisadores na \u00e1rea.<\/p>\n<p>O debate ser\u00e1 transmito ao vivo pelo\u00a0<a href=\"https:\/\/www.youtube.com\/@TCUoficial\">canal oficial do TCU no YouTube<\/a>. Durante o webin\u00e1rio, os participantes poder\u00e3o fazer coment\u00e1rios e enviar perguntas por meio do chat do canal. As inscri\u00e7\u00f5es poder\u00e3o ser realizadas no\u00a0<a href=\"https:\/\/portal.tcu.gov.br\/instituto-serzedello-correa\">site do Instituto Serzedello Corr\u00eaa (ISC)<\/a>\u00a0ou atrav\u00e9s\u00a0<a href=\"https:\/\/contas.tcu.gov.br\/ords\/f?p=ISCNET2_PAR:106:15581913529468::NO:106:P106_COD:221126\">deste link<\/a>.<\/p>\n<p>O encontro finaliza a\u00a0<strong>s\u00e9rie de 10 webin\u00e1rios sobre pol\u00edticas p\u00fablicas relacionadas \u00e0 equidade e aos direitos humanos,<\/strong>\u00a0iniciada em 2023. Entre os meses de julho de 2023 e maio de 2024, o TCU realizou nove ciclos de debates sobre pol\u00edticas p\u00fablicas voltadas para pessoas com defici\u00eancia; mulheres; refugiados; pessoas negras; LGBTQIAPN+; pessoas idosas; popula\u00e7\u00e3o em situa\u00e7\u00e3o de rua; crian\u00e7as e adolescentes; e comunidades quilombolas.<\/p>\n<p>O encontro ser\u00e1 organizado pela Unidade de Auditoria Especializada em Educa\u00e7\u00e3o, Cultura, Esporte e Direitos Humanos (AudEduca\u00e7\u00e3o), que integra a Secretaria de Controle Externo de Desenvolvimento Sustent\u00e1vel do TCU (SecexDesenvolvimento).<\/p>\n","protected":false},"excerpt":{"rendered":"<p>O Tribunal de Contas da Uni\u00e3o (TCU) promove, no dia 18 de junho, das 14h30 \u00e0s 16h30, o\u00a0webin\u00e1rio Direitos Humanos: Os Desafios do Sistema Prisional Brasileiro e a Garantia dos Direitos da Popula\u00e7\u00e3o Carcer\u00e1ria.\u00a0O encontro pretende coletar informa\u00e7\u00f5es sobre o sistema prisional brasileiro e as pol\u00edticas p\u00fablicas direcionadas \u00e0 popula\u00e7\u00e3o carcer\u00e1ria, identificando responsabilidades e desafios &hellip;<\/p>\n","protected":false},"author":1,"featured_media":98249,"comment_status":"open","ping_status":"open","sticky":false,"template":"","format":"standard","meta":{"footnotes":""},"categories":[13],"tags":[],"class_list":["post-122135","post","type-post","status-publish","format-standard","has-post-thumbnail","hentry","category-policial"],"_links":{"self":[{"href":"https:\/\/iparaiba.com.br\/index.php\/wp-json\/wp\/v2\/posts\/122135","targetHints":{"allow":["GET"]}}],"collection":[{"href":"https:\/\/iparaiba.com.br\/index.php\/wp-json\/wp\/v2\/posts"}],"about":[{"href":"https:\/\/iparaiba.com.br\/index.php\/wp-json\/wp\/v2\/types\/post"}],"author":[{"embeddable":true,"href":"https:\/\/iparaiba.com.br\/index.php\/wp-json\/wp\/v2\/users\/1"}],"replies":[{"embeddable":true,"href":"https:\/\/iparaiba.com.br\/index.php\/wp-json\/wp\/v2\/comments?post=122135"}],"version-history":[{"count":0,"href":"https:\/\/iparaiba.com.br\/index.php\/wp-json\/wp\/v2\/posts\/122135\/revisions"}],"wp:featuredmedia":[{"embeddable":true,"href":"https:\/\/iparaiba.com.br\/index.php\/wp-json\/wp\/v2\/media\/98249"}],"wp:attachment":[{"href":"https:\/\/iparaiba.com.br\/index.php\/wp-json\/wp\/v2\/media?parent=122135"}],"wp:term":[{"taxonomy":"category","embeddable":true,"href":"https:\/\/iparaiba.com.br\/index.php\/wp-json\/wp\/v2\/categories?post=122135"},{"taxonomy":"post_tag","embeddable":true,"href":"https:\/\/iparaiba.com.br\/index.php\/wp-json\/wp\/v2\/tags?post=122135"}],"curies":[{"name":"wp","href":"https:\/\/api.w.org\/{rel}","templated":true}]}}