{"id":122134,"date":"2024-06-12T18:49:18","date_gmt":"2024-06-12T21:49:18","guid":{"rendered":"https:\/\/onordeste.com.br\/?p=122134"},"modified":"2024-06-12T18:49:18","modified_gmt":"2024-06-12T21:49:18","slug":"manifestantes-protestam-contra-pec-das-praias","status":"publish","type":"post","link":"https:\/\/iparaiba.com.br\/index.php\/2024\/06\/12\/manifestantes-protestam-contra-pec-das-praias\/","title":{"rendered":"Manifestantes protestam contra PEC das Praias"},"content":{"rendered":"<p>Manifestantes protestaram na manh\u00e3 deste domingo (9), na praia de Ipanema, na zona sul do Rio de Janeiro, contra a Proposta de Emenda \u00e0 Constitui\u00e7\u00e3o (PEC) 3\/2022, conhecida como PEC das Praias. O texto, que j\u00e1 foi aprovado em dois turnos na C\u00e2mara dos Deputados e agora est\u00e1 em discuss\u00e3o no Senado Federal, visa modificar a Constitui\u00e7\u00e3o Federal, estabelecendo novas diretrizes para a propriedade e gest\u00e3o dos terrenos de marinha, ou seja, aqueles que se localizam numa faixa de 33 metros para o interior, a partir da linha de mar\u00e9 alta.<\/p>\n<div class=\"dnd-widget-wrapper context-grande_6colunas type-image atom-align-left\">\n<div class=\"dnd-caption-wrapper\">\n<div class=\"meta\">Com cartazes contra a PEC, os manifestantes gritaram slogans como \u201ca praia \u00e9 do povo\u201d, recolheram assinaturas contra a proposta e isolaram uma parte da areia de Ipanema, com fita preta e amarela, para simular uma \u201cprivatiza\u00e7\u00e3o\u201d da praia.<\/div>\n<\/div>\n<\/div>\n<p>\u201cEssa PEC da privatiza\u00e7\u00e3o das praias \u00e9 realmente um horror. S\u00e3o milhares de quil\u00f4metros quadrados passados do Poder P\u00fablico para o poder privado\u201d, afirmou o deputado estadual Carlos Minc (PSB-RJ), um dos organizadores do protesto.<\/p>\n<p>Minc, que foi ministro do Meio Ambiente de 2008 a 2010, diz que a proposta traz impactos negativos tanto ambientais quanto sociais.<\/p>\n<p>\u201cA faixa do mar \u00e9 uma \u00e1rea vulner\u00e1vel. O mar est\u00e1 subindo. Dez dias atr\u00e1s, 15 casas foram derrubadas em Maca\u00e9. Ainda do ponto de vista ambiental, [a proposta amea\u00e7a] restingas, mangues. E eles dizem que a PEC n\u00e3o vai privatizar a praia, mas ao privatizar a \u00e1rea cont\u00edgua [\u00e0 praia] voc\u00ea restringe o acesso, limitando uma das poucas coisas que \u00e9 boa, bonita e barata, a curti\u00e7\u00e3o na praia\u201d.<\/p>\n<p>Um grupo de pescadores de Sepetiba, na zona oeste da cidade do Rio tamb\u00e9m participou do protesto. \u201cSe essa PEC realmente passar vai prejudicar a gente, porque a gente precisa dessas \u00e1reas para pescar. Se a gente n\u00e3o tiver acesso \u00e0 praia, de onde vamos tirar nosso sustento\u201d, disse, preocupado, o pescador Cl\u00e1udio Nei, de 55 anos e que pesca desde os 12.<\/p>\n","protected":false},"excerpt":{"rendered":"<p>Manifestantes protestaram na manh\u00e3 deste domingo (9), na praia de Ipanema, na zona sul do Rio de Janeiro, contra a Proposta de Emenda \u00e0 Constitui\u00e7\u00e3o (PEC) 3\/2022, conhecida como PEC das Praias. O texto, que j\u00e1 foi aprovado em dois turnos na C\u00e2mara dos Deputados e agora est\u00e1 em discuss\u00e3o no Senado Federal, visa modificar &hellip;<\/p>\n","protected":false},"author":1,"featured_media":109466,"comment_status":"open","ping_status":"open","sticky":false,"template":"","format":"standard","meta":{"footnotes":""},"categories":[18],"tags":[],"class_list":["post-122134","post","type-post","status-publish","format-standard","has-post-thumbnail","hentry","category-brasil"],"_links":{"self":[{"href":"https:\/\/iparaiba.com.br\/index.php\/wp-json\/wp\/v2\/posts\/122134","targetHints":{"allow":["GET"]}}],"collection":[{"href":"https:\/\/iparaiba.com.br\/index.php\/wp-json\/wp\/v2\/posts"}],"about":[{"href":"https:\/\/iparaiba.com.br\/index.php\/wp-json\/wp\/v2\/types\/post"}],"author":[{"embeddable":true,"href":"https:\/\/iparaiba.com.br\/index.php\/wp-json\/wp\/v2\/users\/1"}],"replies":[{"embeddable":true,"href":"https:\/\/iparaiba.com.br\/index.php\/wp-json\/wp\/v2\/comments?post=122134"}],"version-history":[{"count":1,"href":"https:\/\/iparaiba.com.br\/index.php\/wp-json\/wp\/v2\/posts\/122134\/revisions"}],"predecessor-version":[{"id":122157,"href":"https:\/\/iparaiba.com.br\/index.php\/wp-json\/wp\/v2\/posts\/122134\/revisions\/122157"}],"wp:featuredmedia":[{"embeddable":true,"href":"https:\/\/iparaiba.com.br\/index.php\/wp-json\/wp\/v2\/media\/109466"}],"wp:attachment":[{"href":"https:\/\/iparaiba.com.br\/index.php\/wp-json\/wp\/v2\/media?parent=122134"}],"wp:term":[{"taxonomy":"category","embeddable":true,"href":"https:\/\/iparaiba.com.br\/index.php\/wp-json\/wp\/v2\/categories?post=122134"},{"taxonomy":"post_tag","embeddable":true,"href":"https:\/\/iparaiba.com.br\/index.php\/wp-json\/wp\/v2\/tags?post=122134"}],"curies":[{"name":"wp","href":"https:\/\/api.w.org\/{rel}","templated":true}]}}