{"id":122132,"date":"2024-06-12T16:00:53","date_gmt":"2024-06-12T19:00:53","guid":{"rendered":"https:\/\/onordeste.com.br\/?p=122132"},"modified":"2024-06-12T16:00:53","modified_gmt":"2024-06-12T19:00:53","slug":"inscricoes-no-enem-2024-sao-prorrogadas","status":"publish","type":"post","link":"https:\/\/iparaiba.com.br\/index.php\/2024\/06\/12\/inscricoes-no-enem-2024-sao-prorrogadas\/","title":{"rendered":"Inscri\u00e7\u00f5es no Enem 2024 s\u00e3o prorrogadas"},"content":{"rendered":"<p>As inscri\u00e7\u00f5es no Exame Nacional do Ensino M\u00e9dio (Enem) foram prorrogadas at\u00e9 o dia 14 de junho, anunciou o ministro da Educa\u00e7\u00e3o, Camilo Santana, nas redes sociais. Inicialmente,\u00a0terminariam\u00a0nessa\u00a0sexta-feira (7).<img decoding=\"async\" src=\"https:\/\/agenciabrasil.ebc.com.br\/ebc.png?id=1598968&amp;o=node\" \/><img decoding=\"async\" src=\"https:\/\/agenciabrasil.ebc.com.br\/ebc.gif?id=1598968&amp;o=node\" \/><\/p>\n<p>O prazo j\u00e1 havia sido flexibilizado para os candidatos do Rio Grande do Sul, em raz\u00e3o do desastre clim\u00e1tico que atinge o estado, mas foi agora ampliado para todo o Brasil. Para se inscrever, os estudantes devem\u00a0acessar a\u00a0P\u00e1gina do Participante\u00a0e utilizar o cadastro na\u00a0conta gov.br.<\/p>\n<p>\u201cEstudantes do Rio Grande do Sul e de todo o Brasil agora t\u00eam mais uma semana para se inscrever pela P\u00e1gina do Participante\u201d, escreveu Santana. As provas ser\u00e3o aplicadas nos dias 3 e 10 de novembro.<\/p>\n<p>A taxa de inscri\u00e7\u00e3o, no valor de R$ 85, poder\u00e1 ser paga at\u00e9 o dia 12 de junho pelos estudantes n\u00e3o isentos. O pagamento pode ser feito por pix, cart\u00e3o de cr\u00e9dito, d\u00e9bito, em conta corrente ou poupan\u00e7a\u00a0e por boleto, emitido na\u00a0<a href=\"https:\/\/enem.inep.gov.br\/participante\/#!\/\" target=\"_blank\" rel=\"noopener\">P\u00e1gina do Participante<\/a>, onde tamb\u00e9m consta o QR Code.<\/p>\n<p>Os moradores do Rio Grande do Sul t\u00eam isen\u00e7\u00e3o desse valor. Os concluintes do ensino m\u00e9dio em escola p\u00fablica tamb\u00e9m n\u00e3o pagam taxa de inscri\u00e7\u00e3o.<\/p>\n<p>O Minist\u00e9rio da Educa\u00e7\u00e3o divulgou balan\u00e7o segundo o qual cerca de 100% dos concluintes do ensino m\u00e9dio da rede p\u00fablica est\u00e3o inscritos no Enem em estados como como Alagoas, Amap\u00e1, Bahia, Cear\u00e1, Distrito Federal, Esp\u00edrito Santo, Goi\u00e1s, Par\u00e1, Para\u00edba, Pernambuco, Piau\u00ed, Rio Grande do Norte e Sergipe.<\/p>\n<p>No Rio Grande do Sul, embora a rede de ensino ainda esteja em recupera\u00e7\u00e3o das enchentes, mais de 70% dos formandos da rede p\u00fablica est\u00e3o inscritos, segundo o MEC. A pasta n\u00e3o divulgou o n\u00famero parcial de inscritos.<\/p>\n<h2>Enem<\/h2>\n<p>Criado em 1998, o Enem avalia o desempenho escolar dos estudantes ao t\u00e9rmino da educa\u00e7\u00e3o b\u00e1sica e tamb\u00e9m \u00e9 a principal porta de entrada para a educa\u00e7\u00e3o superior no pa\u00eds.<\/p>\n<p>Os resultados da avalia\u00e7\u00e3o podem ser usados para acesso ao Sistema de Sele\u00e7\u00e3o Unificada (Sisu) e ao Programa Universidade para Todos (ProUni) e tamb\u00e9m s\u00e3o aceitos em institui\u00e7\u00f5es privadas e de outros pa\u00edses de l\u00edngua portuguesa que tenham acordo com o Brasil.<\/p>\n<p>Os estudantes que n\u00e3o conclu\u00edram o ensino m\u00e9dio tamb\u00e9m podem participar na condi\u00e7\u00e3o de treineiros, para autoavalia\u00e7\u00e3o nos anos anteriores ao t\u00e9rmino da educa\u00e7\u00e3o b\u00e1sica.<br \/>\nagenciabrasil.ebc<\/p>\n","protected":false},"excerpt":{"rendered":"<p>As inscri\u00e7\u00f5es no Exame Nacional do Ensino M\u00e9dio (Enem) foram prorrogadas at\u00e9 o dia 14 de junho, anunciou o ministro da Educa\u00e7\u00e3o, Camilo Santana, nas redes sociais. Inicialmente,\u00a0terminariam\u00a0nessa\u00a0sexta-feira (7). O prazo j\u00e1 havia sido flexibilizado para os candidatos do Rio Grande do Sul, em raz\u00e3o do desastre clim\u00e1tico que atinge o estado, mas foi agora &hellip;<\/p>\n","protected":false},"author":1,"featured_media":102596,"comment_status":"open","ping_status":"open","sticky":false,"template":"","format":"standard","meta":{"footnotes":""},"categories":[11],"tags":[],"class_list":["post-122132","post","type-post","status-publish","format-standard","has-post-thumbnail","hentry","category-educacao"],"_links":{"self":[{"href":"https:\/\/iparaiba.com.br\/index.php\/wp-json\/wp\/v2\/posts\/122132","targetHints":{"allow":["GET"]}}],"collection":[{"href":"https:\/\/iparaiba.com.br\/index.php\/wp-json\/wp\/v2\/posts"}],"about":[{"href":"https:\/\/iparaiba.com.br\/index.php\/wp-json\/wp\/v2\/types\/post"}],"author":[{"embeddable":true,"href":"https:\/\/iparaiba.com.br\/index.php\/wp-json\/wp\/v2\/users\/1"}],"replies":[{"embeddable":true,"href":"https:\/\/iparaiba.com.br\/index.php\/wp-json\/wp\/v2\/comments?post=122132"}],"version-history":[{"count":1,"href":"https:\/\/iparaiba.com.br\/index.php\/wp-json\/wp\/v2\/posts\/122132\/revisions"}],"predecessor-version":[{"id":122156,"href":"https:\/\/iparaiba.com.br\/index.php\/wp-json\/wp\/v2\/posts\/122132\/revisions\/122156"}],"wp:featuredmedia":[{"embeddable":true,"href":"https:\/\/iparaiba.com.br\/index.php\/wp-json\/wp\/v2\/media\/102596"}],"wp:attachment":[{"href":"https:\/\/iparaiba.com.br\/index.php\/wp-json\/wp\/v2\/media?parent=122132"}],"wp:term":[{"taxonomy":"category","embeddable":true,"href":"https:\/\/iparaiba.com.br\/index.php\/wp-json\/wp\/v2\/categories?post=122132"},{"taxonomy":"post_tag","embeddable":true,"href":"https:\/\/iparaiba.com.br\/index.php\/wp-json\/wp\/v2\/tags?post=122132"}],"curies":[{"name":"wp","href":"https:\/\/api.w.org\/{rel}","templated":true}]}}